{"id":9673,"date":"2019-02-08T14:11:39","date_gmt":"2019-02-08T13:11:39","guid":{"rendered":"https:\/\/monzon.salesianos.edu\/colegio\/4275-2\/"},"modified":"2019-02-08T14:15:48","modified_gmt":"2019-02-08T13:15:48","slug":"4275-2","status":"publish","type":"post","link":"https:\/\/monzon.salesianos.edu\/colegio\/4275-2\/","title":{"rendered":"Fiesta de don Bosco"},"content":{"rendered":"<p>[et_pb_section bb_built=\u00bb1&#8243; admin_label=\u00bbsection\u00bb _builder_version=\u00bb3.0.94&#8243;][et_pb_row admin_label=\u00bbrow\u00bb background_position=\u00bbtop_left\u00bb background_repeat=\u00bbrepeat\u00bb background_size=\u00bbinitial\u00bb][et_pb_column type=\u00bb4_4&#8243;][et_pb_text admin_label=\u00bbEntradilla (Texto)\u00bb _builder_version=\u00bb3.18.7&#8243; text_orientation=\u00bbjustified\u00bb text_font=\u00bb|on|||\u00bb]<\/p>\n<p><strong>En torno al 31 de enero, fiesta de don Bosco, el colegio Santo Domingo Savio de Monz\u00f3n, se encuentra inmerso en diversos actos.<\/strong><\/p>\n<p>[\/et_pb_text][et_pb_text admin_label=\u00bbAutor (Texto)\u00bb _builder_version=\u00bb3.18.7&#8243; text_font=\u00bb||on||\u00bb]<\/p>\n<p>Por Ana Garanto<\/p>\n<p>[\/et_pb_text][et_pb_image _builder_version=\u00bb3.18.7&#8243; src=\u00bbhttps:\/\/lh3.googleusercontent.com\/KIjXOhVIVWULmJTmmw9SrMcYG3KgmqTPRWFG0IXTu3CaQIwBrfgzxSJiPSRFPcBmgD0J8MlZagznviYLnViWaLDUtM27KeW2bsz8wEVMvqPxSQNbb59e3csm2TLcfZNM6-nArfbnrINAbYFWUnJ7TGJRbfGlo2rzfHmUh4tVvL5gtyDQr-Tp5UpjVlVS3D3OSqqXuMrEnWZ60REUe2omunf_9qu_Rx8tFn4RjMPePo1x-BnwqP0GNt0BwujbnaXYPgLCrXckd_z-6JnH5cc-Vmz17UG8FUuJ9vwVJjPIy0vuL6bdvZf_DXk5rKUnuyYNLjfhHYidU90ydMqmYH8sI2Oy-BRiV-S_F1WEjN-uqjxv-796pUdm1Ponuqu6uKDBEXtLAdHJ0GRXS8MbP4bjeFgcWP1rYxsG1nQOje8ponLbBAZCkl_&#8211;yPIe_ZYsMy965-NCd84WuRVJIQrm4ZJe_8BZ_z27iXXIl9FYgsjHFDiqEYLzoyI18hOtQCx_DRXELVA9RkLaQ2behd3qx1TazFKJp5WNes0YkBYFkv3SVpCRcusjaUIWaEfcUzDQzjuWuiWMbArvX-ThmAqVxVyw3loM-EvZjsXJ5DjkIr-3Tjwhe0TKPcLiKsnD0M__285OmVFTcOG98sD-wk05ML59hHOw_e_ldTn4QAPSkLm4_NPW-kCIZXhz60Lpe2wxfmWqwcM_M0Ubp9IoxgL2BtTZcBL=w986-h657-no\u00bb url=\u00bbhttps:\/\/photos.google.com\/share\/AF1QipOFLHx6j4rqvanFpGt4dUiloIhY-jC6m6j7_Dh2VCaOohOYD7XYFkvTtjcyUWC8PA?key=TlZpQnc1a2h0VFNhN3BfNmNXblRsX2pNV1VfX2FB\u00bb \/][et_pb_text admin_label=\u00bbDesarrollo (Texto)\u00bb _builder_version=\u00bb3.18.7&#8243; text_orientation=\u00bbjustified\u00bb text_line_height=\u00bb1.4em\u00bb]<\/p>\n<p>El 31 de enero se celebr\u00f3 la fiesta grande de los Salesianos en honor a Don Bosco, aunque los actos se alargaron varios d\u00edas.\u00a0Este a\u00f1o, el eje de la fiesta ha sido la campa\u00f1a anual \u201cPrimero, los \u00faltimos\u201d.<\/p>\n<p>El pistoletazo de salida lo marc\u00f3 el acto por la paz en el ayuntamiento de Monz\u00f3n el mi\u00e9rcoles 30. Ese mismo d\u00eda, los alumnos de 2\u00ba de bachillerato visitaron las facultades de la Universidad de Zaragoza mientras que los m\u00e1s j\u00f3venes del colegio tuvieron la oportunidad de adentrarse en la vida del Santo a trav\u00e9s de la visualizaci\u00f3n de una pel\u00edcula en el colegio.<\/p>\n<p>El d\u00eda de la fiesta mayor comenz\u00f3 con una celebraci\u00f3n. A continuaci\u00f3n, se pudo disfrutar de la t\u00edpica huevofritada, un almuerzo popular para alumnos y profesores. La gala musical del profesorado, que causa sensaci\u00f3n a\u00f1o tras a\u00f1o, sorprendio de nuevo al alumnado. Estos tambi\u00e9n participaron en diversas actividades deportivas. Por la tarde, a las 19.00 h., tuvo lugar la eucarist\u00eda en honor a San Juan Bosco en la capilla del colegio.<\/p>\n<p>Los actos finalizaron el viernes 1 de febrero con la charla \u201cMil sonrisas y un perd\u00f3n\u201d que trat\u00f3 sobre el riesgo del alcohol durante la conducci\u00f3n y sobre el proceso de perdonar.<\/p>\n<p>[\/et_pb_text][\/et_pb_column][\/et_pb_row][\/et_pb_section]<\/p>\n","protected":false},"excerpt":{"rendered":"<p>En torno al 31 de enero, fiesta de don Bosco, el colegio Santo Domingo Savio de Monz\u00f3n, se encuentra inmerso en diversos actos. Por Ana Garanto El 31 de enero se celebr\u00f3 la fiesta grande de los Salesianos en honor a Don Bosco, aunque los actos se alargaron varios d\u00edas.\u00a0Este a\u00f1o, el eje de la [&hellip;]<\/p>\n","protected":false},"author":3,"featured_media":0,"comment_status":"open","ping_status":"open","sticky":false,"template":"","format":"standard","meta":{"_et_pb_use_builder":"on","_et_pb_old_content":"","_et_gb_content_width":"","footnotes":""},"categories":[29,10,25,30],"tags":[],"class_list":["post-9673","post","type-post","status-publish","format-standard","hentry","category-ampa","category-colegio","category-familia-salesiana","category-iglesia"],"yoast_head":"<!-- This site is optimized with the Yoast SEO plugin v28.4 - https:\/\/yoast.com\/product\/yoast-seo-wordpress\/ -->\n<title>Fiesta de don Bosco - Colegio Santo Domingo Savio<\/title>\n<meta name=\"robots\" content=\"index, follow, max-snippet:-1, max-image-preview:large, max-video-preview:-1\" \/>\n<link rel=\"canonical\" href=\"https:\/\/monzon.salesianos.edu\/colegio\/4275-2\/\" \/>\n<meta property=\"og:locale\" content=\"es_ES\" \/>\n<meta property=\"og:type\" content=\"article\" \/>\n<meta property=\"og:title\" content=\"Fiesta de don Bosco - Colegio Santo Domingo Savio\" \/>\n<meta property=\"og:description\" content=\"En torno al 31 de enero, fiesta de don Bosco, el colegio Santo Domingo Savio de Monz\u00f3n, se encuentra inmerso en diversos actos. Por Ana Garanto El 31 de enero se celebr\u00f3 la fiesta grande de los Salesianos en honor a Don Bosco, aunque los actos se alargaron varios d\u00edas.\u00a0Este a\u00f1o, el eje de la [&hellip;]\" \/>\n<meta property=\"og:url\" content=\"https:\/\/monzon.salesianos.edu\/colegio\/4275-2\/\" \/>\n<meta property=\"og:site_name\" content=\"Colegio Santo Domingo Savio\" \/>\n<meta property=\"article:published_time\" content=\"2019-02-08T13:11:39+00:00\" \/>\n<meta property=\"article:modified_time\" content=\"2019-02-08T13:15:48+00:00\" \/>\n<meta name=\"author\" content=\"Gestor Web\" \/>\n<meta name=\"twitter:card\" content=\"summary_large_image\" \/>\n<meta name=\"twitter:label1\" content=\"Escrito por\" \/>\n\t<meta name=\"twitter:data1\" content=\"Gestor Web\" \/>\n\t<meta name=\"twitter:label2\" content=\"Tiempo de lectura\" \/>\n\t<meta name=\"twitter:data2\" content=\"2 minutos\" \/>\n<script type=\"application\/ld+json\" class=\"yoast-schema-graph\">{\"@context\":\"https:\\\/\\\/schema.org\",\"@graph\":[{\"@type\":\"Article\",\"@id\":\"https:\\\/\\\/monzon.salesianos.edu\\\/colegio\\\/4275-2\\\/#article\",\"isPartOf\":{\"@id\":\"https:\\\/\\\/monzon.salesianos.edu\\\/colegio\\\/4275-2\\\/\"},\"author\":{\"name\":\"Gestor Web\",\"@id\":\"https:\\\/\\\/monzon.salesianos.edu\\\/colegio\\\/#\\\/schema\\\/person\\\/dfdb4afc92a954e307946b4c7b72b0f4\"},\"headline\":\"Fiesta de don Bosco\",\"datePublished\":\"2019-02-08T13:11:39+00:00\",\"dateModified\":\"2019-02-08T13:15:48+00:00\",\"mainEntityOfPage\":{\"@id\":\"https:\\\/\\\/monzon.salesianos.edu\\\/colegio\\\/4275-2\\\/\"},\"wordCount\":474,\"commentCount\":0,\"articleSection\":[\"AMPA\",\"Colegio\",\"Familia Salesiana\",\"Iglesia\"],\"inLanguage\":\"es\",\"potentialAction\":[{\"@type\":\"CommentAction\",\"name\":\"Comment\",\"target\":[\"https:\\\/\\\/monzon.salesianos.edu\\\/colegio\\\/4275-2\\\/#respond\"]}]},{\"@type\":\"WebPage\",\"@id\":\"https:\\\/\\\/monzon.salesianos.edu\\\/colegio\\\/4275-2\\\/\",\"url\":\"https:\\\/\\\/monzon.salesianos.edu\\\/colegio\\\/4275-2\\\/\",\"name\":\"Fiesta de don Bosco - Colegio Santo Domingo Savio\",\"isPartOf\":{\"@id\":\"https:\\\/\\\/monzon.salesianos.edu\\\/colegio\\\/#website\"},\"datePublished\":\"2019-02-08T13:11:39+00:00\",\"dateModified\":\"2019-02-08T13:15:48+00:00\",\"author\":{\"@id\":\"https:\\\/\\\/monzon.salesianos.edu\\\/colegio\\\/#\\\/schema\\\/person\\\/dfdb4afc92a954e307946b4c7b72b0f4\"},\"breadcrumb\":{\"@id\":\"https:\\\/\\\/monzon.salesianos.edu\\\/colegio\\\/4275-2\\\/#breadcrumb\"},\"inLanguage\":\"es\",\"potentialAction\":[{\"@type\":\"ReadAction\",\"target\":[\"https:\\\/\\\/monzon.salesianos.edu\\\/colegio\\\/4275-2\\\/\"]}]},{\"@type\":\"BreadcrumbList\",\"@id\":\"https:\\\/\\\/monzon.salesianos.edu\\\/colegio\\\/4275-2\\\/#breadcrumb\",\"itemListElement\":[{\"@type\":\"ListItem\",\"position\":1,\"name\":\"Portada\",\"item\":\"https:\\\/\\\/monzon.salesianos.edu\\\/colegio\\\/\"},{\"@type\":\"ListItem\",\"position\":2,\"name\":\"Fiesta de don Bosco\"}]},{\"@type\":\"WebSite\",\"@id\":\"https:\\\/\\\/monzon.salesianos.edu\\\/colegio\\\/#website\",\"url\":\"https:\\\/\\\/monzon.salesianos.edu\\\/colegio\\\/\",\"name\":\"Colegio Santo Domingo Savio\",\"description\":\"P\u00e1gina oficial Salesianos Monz\u00f3n\",\"potentialAction\":[{\"@type\":\"SearchAction\",\"target\":{\"@type\":\"EntryPoint\",\"urlTemplate\":\"https:\\\/\\\/monzon.salesianos.edu\\\/colegio\\\/?s={search_term_string}\"},\"query-input\":{\"@type\":\"PropertyValueSpecification\",\"valueRequired\":true,\"valueName\":\"search_term_string\"}}],\"inLanguage\":\"es\"},{\"@type\":\"Person\",\"@id\":\"https:\\\/\\\/monzon.salesianos.edu\\\/colegio\\\/#\\\/schema\\\/person\\\/dfdb4afc92a954e307946b4c7b72b0f4\",\"name\":\"Gestor Web\",\"image\":{\"@type\":\"ImageObject\",\"inLanguage\":\"es\",\"@id\":\"https:\\\/\\\/secure.gravatar.com\\\/avatar\\\/1e1fd8b2db3835fefe4cba3e9e0f57e2c8b7a51b7525c8a5e5f612d69fe34a31?s=96&d=mm&r=g\",\"url\":\"https:\\\/\\\/secure.gravatar.com\\\/avatar\\\/1e1fd8b2db3835fefe4cba3e9e0f57e2c8b7a51b7525c8a5e5f612d69fe34a31?s=96&d=mm&r=g\",\"contentUrl\":\"https:\\\/\\\/secure.gravatar.com\\\/avatar\\\/1e1fd8b2db3835fefe4cba3e9e0f57e2c8b7a51b7525c8a5e5f612d69fe34a31?s=96&d=mm&r=g\",\"caption\":\"Gestor Web\"}}]}<\/script>\n<!-- \/ Yoast SEO plugin. -->","yoast_head_json":{"title":"Fiesta de don Bosco - Colegio Santo Domingo Savio","robots":{"index":"index","follow":"follow","max-snippet":"max-snippet:-1","max-image-preview":"max-image-preview:large","max-video-preview":"max-video-preview:-1"},"canonical":"https:\/\/monzon.salesianos.edu\/colegio\/4275-2\/","og_locale":"es_ES","og_type":"article","og_title":"Fiesta de don Bosco - Colegio Santo Domingo Savio","og_description":"En torno al 31 de enero, fiesta de don Bosco, el colegio Santo Domingo Savio de Monz\u00f3n, se encuentra inmerso en diversos actos. Por Ana Garanto El 31 de enero se celebr\u00f3 la fiesta grande de los Salesianos en honor a Don Bosco, aunque los actos se alargaron varios d\u00edas.\u00a0Este a\u00f1o, el eje de la [&hellip;]","og_url":"https:\/\/monzon.salesianos.edu\/colegio\/4275-2\/","og_site_name":"Colegio Santo Domingo Savio","article_published_time":"2019-02-08T13:11:39+00:00","article_modified_time":"2019-02-08T13:15:48+00:00","author":"Gestor Web","twitter_card":"summary_large_image","twitter_misc":{"Escrito por":"Gestor Web","Tiempo de lectura":"2 minutos"},"schema":{"@context":"https:\/\/schema.org","@graph":[{"@type":"Article","@id":"https:\/\/monzon.salesianos.edu\/colegio\/4275-2\/#article","isPartOf":{"@id":"https:\/\/monzon.salesianos.edu\/colegio\/4275-2\/"},"author":{"name":"Gestor Web","@id":"https:\/\/monzon.salesianos.edu\/colegio\/#\/schema\/person\/dfdb4afc92a954e307946b4c7b72b0f4"},"headline":"Fiesta de don Bosco","datePublished":"2019-02-08T13:11:39+00:00","dateModified":"2019-02-08T13:15:48+00:00","mainEntityOfPage":{"@id":"https:\/\/monzon.salesianos.edu\/colegio\/4275-2\/"},"wordCount":474,"commentCount":0,"articleSection":["AMPA","Colegio","Familia Salesiana","Iglesia"],"inLanguage":"es","potentialAction":[{"@type":"CommentAction","name":"Comment","target":["https:\/\/monzon.salesianos.edu\/colegio\/4275-2\/#respond"]}]},{"@type":"WebPage","@id":"https:\/\/monzon.salesianos.edu\/colegio\/4275-2\/","url":"https:\/\/monzon.salesianos.edu\/colegio\/4275-2\/","name":"Fiesta de don Bosco - Colegio Santo Domingo Savio","isPartOf":{"@id":"https:\/\/monzon.salesianos.edu\/colegio\/#website"},"datePublished":"2019-02-08T13:11:39+00:00","dateModified":"2019-02-08T13:15:48+00:00","author":{"@id":"https:\/\/monzon.salesianos.edu\/colegio\/#\/schema\/person\/dfdb4afc92a954e307946b4c7b72b0f4"},"breadcrumb":{"@id":"https:\/\/monzon.salesianos.edu\/colegio\/4275-2\/#breadcrumb"},"inLanguage":"es","potentialAction":[{"@type":"ReadAction","target":["https:\/\/monzon.salesianos.edu\/colegio\/4275-2\/"]}]},{"@type":"BreadcrumbList","@id":"https:\/\/monzon.salesianos.edu\/colegio\/4275-2\/#breadcrumb","itemListElement":[{"@type":"ListItem","position":1,"name":"Portada","item":"https:\/\/monzon.salesianos.edu\/colegio\/"},{"@type":"ListItem","position":2,"name":"Fiesta de don Bosco"}]},{"@type":"WebSite","@id":"https:\/\/monzon.salesianos.edu\/colegio\/#website","url":"https:\/\/monzon.salesianos.edu\/colegio\/","name":"Colegio Santo Domingo Savio","description":"P\u00e1gina oficial Salesianos Monz\u00f3n","potentialAction":[{"@type":"SearchAction","target":{"@type":"EntryPoint","urlTemplate":"https:\/\/monzon.salesianos.edu\/colegio\/?s={search_term_string}"},"query-input":{"@type":"PropertyValueSpecification","valueRequired":true,"valueName":"search_term_string"}}],"inLanguage":"es"},{"@type":"Person","@id":"https:\/\/monzon.salesianos.edu\/colegio\/#\/schema\/person\/dfdb4afc92a954e307946b4c7b72b0f4","name":"Gestor Web","image":{"@type":"ImageObject","inLanguage":"es","@id":"https:\/\/secure.gravatar.com\/avatar\/1e1fd8b2db3835fefe4cba3e9e0f57e2c8b7a51b7525c8a5e5f612d69fe34a31?s=96&d=mm&r=g","url":"https:\/\/secure.gravatar.com\/avatar\/1e1fd8b2db3835fefe4cba3e9e0f57e2c8b7a51b7525c8a5e5f612d69fe34a31?s=96&d=mm&r=g","contentUrl":"https:\/\/secure.gravatar.com\/avatar\/1e1fd8b2db3835fefe4cba3e9e0f57e2c8b7a51b7525c8a5e5f612d69fe34a31?s=96&d=mm&r=g","caption":"Gestor Web"}}]}},"_links":{"self":[{"href":"https:\/\/monzon.salesianos.edu\/colegio\/wp-json\/wp\/v2\/posts\/9673","targetHints":{"allow":["GET"]}}],"collection":[{"href":"https:\/\/monzon.salesianos.edu\/colegio\/wp-json\/wp\/v2\/posts"}],"about":[{"href":"https:\/\/monzon.salesianos.edu\/colegio\/wp-json\/wp\/v2\/types\/post"}],"author":[{"embeddable":true,"href":"https:\/\/monzon.salesianos.edu\/colegio\/wp-json\/wp\/v2\/users\/3"}],"replies":[{"embeddable":true,"href":"https:\/\/monzon.salesianos.edu\/colegio\/wp-json\/wp\/v2\/comments?post=9673"}],"version-history":[{"count":1,"href":"https:\/\/monzon.salesianos.edu\/colegio\/wp-json\/wp\/v2\/posts\/9673\/revisions"}],"predecessor-version":[{"id":9674,"href":"https:\/\/monzon.salesianos.edu\/colegio\/wp-json\/wp\/v2\/posts\/9673\/revisions\/9674"}],"wp:attachment":[{"href":"https:\/\/monzon.salesianos.edu\/colegio\/wp-json\/wp\/v2\/media?parent=9673"}],"wp:term":[{"taxonomy":"category","embeddable":true,"href":"https:\/\/monzon.salesianos.edu\/colegio\/wp-json\/wp\/v2\/categories?post=9673"},{"taxonomy":"post_tag","embeddable":true,"href":"https:\/\/monzon.salesianos.edu\/colegio\/wp-json\/wp\/v2\/tags?post=9673"}],"curies":[{"name":"wp","href":"https:\/\/api.w.org\/{rel}","templated":true}]}}