{"id":12977,"date":"2026-06-19T12:29:58","date_gmt":"2026-06-19T11:29:58","guid":{"rendered":"https:\/\/monzon.salesianos.edu\/colegio\/salesianos-despide-a-sus-alumnos-de-4o-de-eso-bachillerato-y-formacion-profesional\/"},"modified":"2026-06-19T13:14:30","modified_gmt":"2026-06-19T12:14:30","slug":"salesianos-monzon-despide-a-sus-alumnos-l","status":"publish","type":"post","link":"https:\/\/monzon.salesianos.edu\/colegio\/salesianos-monzon-despide-a-sus-alumnos-l\/","title":{"rendered":"Salesianos Monz\u00f3n despide a sus alumnos de 4\u00ba de ESO, Bachillerato y Formaci\u00f3n Profesional"},"content":{"rendered":"<p>[et_pb_section fb_built=\u00bb1&#8243; admin_label=\u00bbsection\u00bb _builder_version=\u00bb4.16&#8243; global_colors_info=\u00bb{}\u00bb][et_pb_row admin_label=\u00bbrow\u00bb _builder_version=\u00bb4.16&#8243; background_size=\u00bbinitial\u00bb background_position=\u00bbtop_left\u00bb background_repeat=\u00bbrepeat\u00bb global_colors_info=\u00bb{}\u00bb][et_pb_column type=\u00bb4_4&#8243; _builder_version=\u00bb4.16&#8243; custom_padding=\u00bb|||\u00bb global_colors_info=\u00bb{}\u00bb custom_padding__hover=\u00bb|||\u00bb][et_pb_text admin_label=\u00bbEntradilla (Texto)\u00bb _builder_version=\u00bb4.27.6&#8243; text_font=\u00bb|on|||\u00bb text_orientation=\u00bbjustified\u00bb border_style=\u00bbsolid\u00bb global_colors_info=\u00bb{}\u00bb]<\/p>\n<h1>El final de curso ha vuelto a dejarnos algunos de los momentos m\u00e1s emotivos del a\u00f1o en Salesianos Monz\u00f3n. Durante las \u00faltimas semanas hemos celebrado los actos de despedida y graduaci\u00f3n de los alumnos de 4\u00ba de ESO, 2\u00ba de Bachillerato y de los diferentes ciclos de Formaci\u00f3n Profesional, poniendo el broche final a una etapa llena de aprendizajes, experiencias y crecimiento personal.<\/h1>\n<p>[\/et_pb_text][et_pb_text admin_label=\u00bbAutor (Texto)\u00bb _builder_version=\u00bb4.27.6&#8243; text_font=\u00bb||on||\u00bb border_style=\u00bbsolid\u00bb global_colors_info=\u00bb{}\u00bb]Por Jorge Alqu\u00e9zar<br \/>\n[\/et_pb_text][et_pb_text admin_label=\u00bbDesarrollo (Texto)\u00bb _builder_version=\u00bb4.27.6&#8243; text_orientation=\u00bbjustified\u00bb border_style=\u00bbsolid\u00bb global_colors_info=\u00bb{}\u00bb]<\/p>\n<h2>Despedida de 4\u00ba de ESO<\/h2>\n<p>Los alumnos de 4\u00ba de ESO vivieron un acto especialmente significativo en el que pudieron recordar algunos de los mejores momentos compartidos durante su paso por el colegio. Profesores, familias y compa\u00f1eros les acompa\u00f1aron en una jornada cargada de emociones, recuerdos y agradecimientos.<\/p>\n<p>Tras a\u00f1os de convivencia, excursiones, proyectos, celebraciones y aprendizajes, nuestros alumnos emprenden ahora nuevos caminos acad\u00e9micos, ya sea en Bachillerato o en Formaci\u00f3n Profesional, llevando consigo los valores y experiencias adquiridos durante esta etapa.<\/p>\n<h2>Graduaci\u00f3n de 2\u00ba de Bachillerato<\/h2>\n<p>La promoci\u00f3n de 2\u00ba de Bachillerato celebr\u00f3 su graduaci\u00f3n en un ambiente de alegr\u00eda y emoci\u00f3n. El acto sirvi\u00f3 para reconocer el esfuerzo y la constancia demostrados por los alumnos durante estos a\u00f1os de estudio, especialmente en una etapa decisiva para su futuro acad\u00e9mico.<\/p>\n<p>La ceremonia estuvo marcada por los discursos, los recuerdos compartidos y el reconocimiento al trabajo realizado por alumnos, familias y profesores. Una promoci\u00f3n que deja huella en el colegio y que afronta ahora nuevos retos universitarios y profesionales.<\/p>\n<h2>Graduaci\u00f3n de Formaci\u00f3n Profesional<\/h2>\n<p>Tambi\u00e9n celebramos la graduaci\u00f3n de los alumnos de Formaci\u00f3n Profesional de Grado B\u00e1sico, Grado Medio y Grado Superior de las familias profesionales de Electricidad, Mecanizado, Administraci\u00f3n y Cuidados Auxiliares de Enfermer\u00eda.<\/p>\n<p>Los actos pusieron en valor el esfuerzo realizado durante estos a\u00f1os de formaci\u00f3n y la importancia de una ense\u00f1anza orientada a la pr\u00e1ctica, la innovaci\u00f3n y la empleabilidad. Muchos de nuestros graduados se incorporar\u00e1n al mundo laboral en los pr\u00f3ximos meses, mientras que otros continuar\u00e1n ampliando su formaci\u00f3n.<\/p>\n<p>Todos ellos dejan atr\u00e1s horas de talleres, proyectos, pr\u00e1cticas en empresas y experiencias compartidas que han contribuido a convertirlos en excelentes profesionales y, sobre todo, en grandes personas.<\/p>\n<h2>Una casa que siempre ser\u00e1 la vuestra<\/h2>\n<p>Desde Salesianos Monz\u00f3n queremos felicitar a todos los alumnos que finalizan una etapa educativa en nuestro centro. Cada promoci\u00f3n forma parte de la historia de esta casa y contribuye a mantener vivo el sue\u00f1o de Don Bosco.<\/p>\n<p>Os despedimos con orgullo, agradecidos por todo lo vivido juntos y convencidos de que os esperan grandes oportunidades. Recordad que, all\u00ed donde vay\u00e1is, siempre formar\u00e9is parte de esta gran familia salesiana.<\/p>\n<p>\u00a1Enhorabuena a todos y mucha suerte en vuestro futuro!<br \/>\n[\/et_pb_text][et_pb_text disabled_on=\u00bboff|off|off\u00bb admin_label=\u00bbT\u00edtulo: Galer\u00eda de fotos (Texto)\u00bb _builder_version=\u00bb4.16&#8243; text_font=\u00bb|on|||\u00bb text_text_color=\u00bb#dc001b\u00bb border_style=\u00bbsolid\u00bb global_colors_info=\u00bb{}\u00bb]Galer\u00eda de im\u00e1genes [\/et_pb_text][et_pb_gallery gallery_ids=\u00bb12986,12987,12988,12989,12990,12991,12992,12993,12994,12995&#8243; posts_number=\u00bb8&#8243; show_title_and_caption=\u00bboff\u00bb zoom_icon_color=\u00bb#dc001b\u00bb hover_icon=\u00bb&#x54;||divi||400&#8243; disabled_on=\u00bboff|off|off\u00bb admin_label=\u00bbGaler\u00eda\u00bb _builder_version=\u00bb4.27.6&#8243; border_style=\u00bbsolid\u00bb global_colors_info=\u00bb{}\u00bb][\/et_pb_gallery][et_pb_video disabled_on=\u00bbon|on|on\u00bb admin_label=\u00bbV\u00eddeo\u00bb _builder_version=\u00bb4.16&#8243; disabled=\u00bbon\u00bb global_colors_info=\u00bb{}\u00bb][\/et_pb_video][\/et_pb_column][\/et_pb_row][\/et_pb_section]<\/p>\n","protected":false},"excerpt":{"rendered":"<p>El final de curso ha vuelto a dejarnos algunos de los momentos m\u00e1s emotivos del a\u00f1o en Salesianos Monz\u00f3n. Durante las \u00faltimas semanas hemos celebrado los actos de despedida y graduaci\u00f3n de los alumnos de 4\u00ba de ESO, 2\u00ba de Bachillerato y de los diferentes ciclos de Formaci\u00f3n Profesional, poniendo el broche final a una [&hellip;]<\/p>\n","protected":false},"author":8,"featured_media":12978,"comment_status":"open","ping_status":"open","sticky":false,"template":"","format":"standard","meta":{"_et_pb_use_builder":"on","_et_pb_old_content":"","_et_gb_content_width":"","footnotes":""},"categories":[10],"tags":[],"class_list":["post-12977","post","type-post","status-publish","format-standard","has-post-thumbnail","hentry","category-colegio"],"yoast_head":"<!-- This site is optimized with the Yoast SEO plugin v28.4 - https:\/\/yoast.com\/product\/yoast-seo-wordpress\/ -->\n<title>Salesianos Monz\u00f3n despide a sus alumnos de 4\u00ba de ESO, Bachillerato y Formaci\u00f3n Profesional - Colegio Santo Domingo Savio<\/title>\n<meta name=\"description\" content=\"Salesianos monz\u00f3n despide a sus alumnos de 4\u00ba de eso, bachillerato y formaci\u00f3n profesional y les desea un futuro prometedor\" \/>\n<meta name=\"robots\" content=\"index, follow, max-snippet:-1, max-image-preview:large, max-video-preview:-1\" \/>\n<link rel=\"canonical\" href=\"https:\/\/monzon.salesianos.edu\/colegio\/salesianos-monzon-despide-a-sus-alumnos-l\/\" \/>\n<meta property=\"og:locale\" content=\"es_ES\" \/>\n<meta property=\"og:type\" content=\"article\" \/>\n<meta property=\"og:title\" content=\"Salesianos Monz\u00f3n despide a sus alumnos de 4\u00ba de ESO, Bachillerato y Formaci\u00f3n Profesional - Colegio Santo Domingo Savio\" \/>\n<meta property=\"og:description\" content=\"Salesianos monz\u00f3n despide a sus alumnos de 4\u00ba de eso, bachillerato y formaci\u00f3n profesional y les desea un futuro prometedor\" \/>\n<meta property=\"og:url\" content=\"https:\/\/monzon.salesianos.edu\/colegio\/salesianos-monzon-despide-a-sus-alumnos-l\/\" \/>\n<meta property=\"og:site_name\" content=\"Colegio Santo Domingo Savio\" \/>\n<meta property=\"article:published_time\" content=\"2026-06-19T11:29:58+00:00\" \/>\n<meta property=\"article:modified_time\" content=\"2026-06-19T12:14:30+00:00\" \/>\n<meta property=\"og:image\" content=\"https:\/\/monzon.salesianos.edu\/colegio\/wp-content\/uploads\/sites\/2\/2026\/06\/PORTADA-GRADUACION.jpg\" \/>\n\t<meta property=\"og:image:width\" content=\"1649\" \/>\n\t<meta property=\"og:image:height\" content=\"926\" \/>\n\t<meta property=\"og:image:type\" content=\"image\/jpeg\" \/>\n<meta name=\"author\" content=\"danielmeler\" \/>\n<meta name=\"twitter:card\" content=\"summary_large_image\" \/>\n<meta name=\"twitter:label1\" content=\"Escrito por\" \/>\n\t<meta name=\"twitter:data1\" content=\"danielmeler\" \/>\n\t<meta name=\"twitter:label2\" content=\"Tiempo de lectura\" \/>\n\t<meta name=\"twitter:data2\" content=\"5 minutos\" \/>\n<script type=\"application\/ld+json\" class=\"yoast-schema-graph\">{\"@context\":\"https:\\\/\\\/schema.org\",\"@graph\":[{\"@type\":\"Article\",\"@id\":\"https:\\\/\\\/monzon.salesianos.edu\\\/colegio\\\/salesianos-monzon-despide-a-sus-alumnos-l\\\/#article\",\"isPartOf\":{\"@id\":\"https:\\\/\\\/monzon.salesianos.edu\\\/colegio\\\/salesianos-monzon-despide-a-sus-alumnos-l\\\/\"},\"author\":{\"name\":\"danielmeler\",\"@id\":\"https:\\\/\\\/monzon.salesianos.edu\\\/colegio\\\/#\\\/schema\\\/person\\\/1cf23e390fdfcec5df68ee2f86e0ee2d\"},\"headline\":\"Salesianos Monz\u00f3n despide a sus alumnos de 4\u00ba de ESO, Bachillerato y Formaci\u00f3n Profesional\",\"datePublished\":\"2026-06-19T11:29:58+00:00\",\"dateModified\":\"2026-06-19T12:14:30+00:00\",\"mainEntityOfPage\":{\"@id\":\"https:\\\/\\\/monzon.salesianos.edu\\\/colegio\\\/salesianos-monzon-despide-a-sus-alumnos-l\\\/\"},\"wordCount\":709,\"commentCount\":0,\"image\":{\"@id\":\"https:\\\/\\\/monzon.salesianos.edu\\\/colegio\\\/salesianos-monzon-despide-a-sus-alumnos-l\\\/#primaryimage\"},\"thumbnailUrl\":\"https:\\\/\\\/monzon.salesianos.edu\\\/colegio\\\/wp-content\\\/uploads\\\/sites\\\/2\\\/2026\\\/06\\\/PORTADA-GRADUACION.jpg\",\"articleSection\":[\"Colegio\"],\"inLanguage\":\"es\",\"potentialAction\":[{\"@type\":\"CommentAction\",\"name\":\"Comment\",\"target\":[\"https:\\\/\\\/monzon.salesianos.edu\\\/colegio\\\/salesianos-monzon-despide-a-sus-alumnos-l\\\/#respond\"]}]},{\"@type\":\"WebPage\",\"@id\":\"https:\\\/\\\/monzon.salesianos.edu\\\/colegio\\\/salesianos-monzon-despide-a-sus-alumnos-l\\\/\",\"url\":\"https:\\\/\\\/monzon.salesianos.edu\\\/colegio\\\/salesianos-monzon-despide-a-sus-alumnos-l\\\/\",\"name\":\"Salesianos Monz\u00f3n despide a sus alumnos de 4\u00ba de ESO, Bachillerato y Formaci\u00f3n Profesional - Colegio Santo Domingo Savio\",\"isPartOf\":{\"@id\":\"https:\\\/\\\/monzon.salesianos.edu\\\/colegio\\\/#website\"},\"primaryImageOfPage\":{\"@id\":\"https:\\\/\\\/monzon.salesianos.edu\\\/colegio\\\/salesianos-monzon-despide-a-sus-alumnos-l\\\/#primaryimage\"},\"image\":{\"@id\":\"https:\\\/\\\/monzon.salesianos.edu\\\/colegio\\\/salesianos-monzon-despide-a-sus-alumnos-l\\\/#primaryimage\"},\"thumbnailUrl\":\"https:\\\/\\\/monzon.salesianos.edu\\\/colegio\\\/wp-content\\\/uploads\\\/sites\\\/2\\\/2026\\\/06\\\/PORTADA-GRADUACION.jpg\",\"datePublished\":\"2026-06-19T11:29:58+00:00\",\"dateModified\":\"2026-06-19T12:14:30+00:00\",\"author\":{\"@id\":\"https:\\\/\\\/monzon.salesianos.edu\\\/colegio\\\/#\\\/schema\\\/person\\\/1cf23e390fdfcec5df68ee2f86e0ee2d\"},\"description\":\"Salesianos monz\u00f3n despide a sus alumnos de 4\u00ba de eso, bachillerato y formaci\u00f3n profesional y les desea un futuro prometedor\",\"breadcrumb\":{\"@id\":\"https:\\\/\\\/monzon.salesianos.edu\\\/colegio\\\/salesianos-monzon-despide-a-sus-alumnos-l\\\/#breadcrumb\"},\"inLanguage\":\"es\",\"potentialAction\":[{\"@type\":\"ReadAction\",\"target\":[\"https:\\\/\\\/monzon.salesianos.edu\\\/colegio\\\/salesianos-monzon-despide-a-sus-alumnos-l\\\/\"]}]},{\"@type\":\"ImageObject\",\"inLanguage\":\"es\",\"@id\":\"https:\\\/\\\/monzon.salesianos.edu\\\/colegio\\\/salesianos-monzon-despide-a-sus-alumnos-l\\\/#primaryimage\",\"url\":\"https:\\\/\\\/monzon.salesianos.edu\\\/colegio\\\/wp-content\\\/uploads\\\/sites\\\/2\\\/2026\\\/06\\\/PORTADA-GRADUACION.jpg\",\"contentUrl\":\"https:\\\/\\\/monzon.salesianos.edu\\\/colegio\\\/wp-content\\\/uploads\\\/sites\\\/2\\\/2026\\\/06\\\/PORTADA-GRADUACION.jpg\",\"width\":1649,\"height\":926},{\"@type\":\"BreadcrumbList\",\"@id\":\"https:\\\/\\\/monzon.salesianos.edu\\\/colegio\\\/salesianos-monzon-despide-a-sus-alumnos-l\\\/#breadcrumb\",\"itemListElement\":[{\"@type\":\"ListItem\",\"position\":1,\"name\":\"Portada\",\"item\":\"https:\\\/\\\/monzon.salesianos.edu\\\/colegio\\\/\"},{\"@type\":\"ListItem\",\"position\":2,\"name\":\"Salesianos Monz\u00f3n despide a sus alumnos de 4\u00ba de ESO, Bachillerato y Formaci\u00f3n Profesional\"}]},{\"@type\":\"WebSite\",\"@id\":\"https:\\\/\\\/monzon.salesianos.edu\\\/colegio\\\/#website\",\"url\":\"https:\\\/\\\/monzon.salesianos.edu\\\/colegio\\\/\",\"name\":\"Colegio Santo Domingo Savio\",\"description\":\"P\u00e1gina oficial Salesianos Monz\u00f3n\",\"potentialAction\":[{\"@type\":\"SearchAction\",\"target\":{\"@type\":\"EntryPoint\",\"urlTemplate\":\"https:\\\/\\\/monzon.salesianos.edu\\\/colegio\\\/?s={search_term_string}\"},\"query-input\":{\"@type\":\"PropertyValueSpecification\",\"valueRequired\":true,\"valueName\":\"search_term_string\"}}],\"inLanguage\":\"es\"},{\"@type\":\"Person\",\"@id\":\"https:\\\/\\\/monzon.salesianos.edu\\\/colegio\\\/#\\\/schema\\\/person\\\/1cf23e390fdfcec5df68ee2f86e0ee2d\",\"name\":\"danielmeler\",\"image\":{\"@type\":\"ImageObject\",\"inLanguage\":\"es\",\"@id\":\"https:\\\/\\\/secure.gravatar.com\\\/avatar\\\/97a450d3b1e626ca68b8eba8d85faf291574499c72c9d77870c46aa8bd969acd?s=96&d=mm&r=g\",\"url\":\"https:\\\/\\\/secure.gravatar.com\\\/avatar\\\/97a450d3b1e626ca68b8eba8d85faf291574499c72c9d77870c46aa8bd969acd?s=96&d=mm&r=g\",\"contentUrl\":\"https:\\\/\\\/secure.gravatar.com\\\/avatar\\\/97a450d3b1e626ca68b8eba8d85faf291574499c72c9d77870c46aa8bd969acd?s=96&d=mm&r=g\",\"caption\":\"danielmeler\"}}]}<\/script>\n<!-- \/ Yoast SEO plugin. -->","yoast_head_json":{"title":"Salesianos Monz\u00f3n despide a sus alumnos de 4\u00ba de ESO, Bachillerato y Formaci\u00f3n Profesional - Colegio Santo Domingo Savio","description":"Salesianos monz\u00f3n despide a sus alumnos de 4\u00ba de eso, bachillerato y formaci\u00f3n profesional y les desea un futuro prometedor","robots":{"index":"index","follow":"follow","max-snippet":"max-snippet:-1","max-image-preview":"max-image-preview:large","max-video-preview":"max-video-preview:-1"},"canonical":"https:\/\/monzon.salesianos.edu\/colegio\/salesianos-monzon-despide-a-sus-alumnos-l\/","og_locale":"es_ES","og_type":"article","og_title":"Salesianos Monz\u00f3n despide a sus alumnos de 4\u00ba de ESO, Bachillerato y Formaci\u00f3n Profesional - Colegio Santo Domingo Savio","og_description":"Salesianos monz\u00f3n despide a sus alumnos de 4\u00ba de eso, bachillerato y formaci\u00f3n profesional y les desea un futuro prometedor","og_url":"https:\/\/monzon.salesianos.edu\/colegio\/salesianos-monzon-despide-a-sus-alumnos-l\/","og_site_name":"Colegio Santo Domingo Savio","article_published_time":"2026-06-19T11:29:58+00:00","article_modified_time":"2026-06-19T12:14:30+00:00","og_image":[{"width":1649,"height":926,"url":"https:\/\/monzon.salesianos.edu\/colegio\/wp-content\/uploads\/sites\/2\/2026\/06\/PORTADA-GRADUACION.jpg","type":"image\/jpeg"}],"author":"danielmeler","twitter_card":"summary_large_image","twitter_misc":{"Escrito por":"danielmeler","Tiempo de lectura":"5 minutos"},"schema":{"@context":"https:\/\/schema.org","@graph":[{"@type":"Article","@id":"https:\/\/monzon.salesianos.edu\/colegio\/salesianos-monzon-despide-a-sus-alumnos-l\/#article","isPartOf":{"@id":"https:\/\/monzon.salesianos.edu\/colegio\/salesianos-monzon-despide-a-sus-alumnos-l\/"},"author":{"name":"danielmeler","@id":"https:\/\/monzon.salesianos.edu\/colegio\/#\/schema\/person\/1cf23e390fdfcec5df68ee2f86e0ee2d"},"headline":"Salesianos Monz\u00f3n despide a sus alumnos de 4\u00ba de ESO, Bachillerato y Formaci\u00f3n Profesional","datePublished":"2026-06-19T11:29:58+00:00","dateModified":"2026-06-19T12:14:30+00:00","mainEntityOfPage":{"@id":"https:\/\/monzon.salesianos.edu\/colegio\/salesianos-monzon-despide-a-sus-alumnos-l\/"},"wordCount":709,"commentCount":0,"image":{"@id":"https:\/\/monzon.salesianos.edu\/colegio\/salesianos-monzon-despide-a-sus-alumnos-l\/#primaryimage"},"thumbnailUrl":"https:\/\/monzon.salesianos.edu\/colegio\/wp-content\/uploads\/sites\/2\/2026\/06\/PORTADA-GRADUACION.jpg","articleSection":["Colegio"],"inLanguage":"es","potentialAction":[{"@type":"CommentAction","name":"Comment","target":["https:\/\/monzon.salesianos.edu\/colegio\/salesianos-monzon-despide-a-sus-alumnos-l\/#respond"]}]},{"@type":"WebPage","@id":"https:\/\/monzon.salesianos.edu\/colegio\/salesianos-monzon-despide-a-sus-alumnos-l\/","url":"https:\/\/monzon.salesianos.edu\/colegio\/salesianos-monzon-despide-a-sus-alumnos-l\/","name":"Salesianos Monz\u00f3n despide a sus alumnos de 4\u00ba de ESO, Bachillerato y Formaci\u00f3n Profesional - Colegio Santo Domingo Savio","isPartOf":{"@id":"https:\/\/monzon.salesianos.edu\/colegio\/#website"},"primaryImageOfPage":{"@id":"https:\/\/monzon.salesianos.edu\/colegio\/salesianos-monzon-despide-a-sus-alumnos-l\/#primaryimage"},"image":{"@id":"https:\/\/monzon.salesianos.edu\/colegio\/salesianos-monzon-despide-a-sus-alumnos-l\/#primaryimage"},"thumbnailUrl":"https:\/\/monzon.salesianos.edu\/colegio\/wp-content\/uploads\/sites\/2\/2026\/06\/PORTADA-GRADUACION.jpg","datePublished":"2026-06-19T11:29:58+00:00","dateModified":"2026-06-19T12:14:30+00:00","author":{"@id":"https:\/\/monzon.salesianos.edu\/colegio\/#\/schema\/person\/1cf23e390fdfcec5df68ee2f86e0ee2d"},"description":"Salesianos monz\u00f3n despide a sus alumnos de 4\u00ba de eso, bachillerato y formaci\u00f3n profesional y les desea un futuro prometedor","breadcrumb":{"@id":"https:\/\/monzon.salesianos.edu\/colegio\/salesianos-monzon-despide-a-sus-alumnos-l\/#breadcrumb"},"inLanguage":"es","potentialAction":[{"@type":"ReadAction","target":["https:\/\/monzon.salesianos.edu\/colegio\/salesianos-monzon-despide-a-sus-alumnos-l\/"]}]},{"@type":"ImageObject","inLanguage":"es","@id":"https:\/\/monzon.salesianos.edu\/colegio\/salesianos-monzon-despide-a-sus-alumnos-l\/#primaryimage","url":"https:\/\/monzon.salesianos.edu\/colegio\/wp-content\/uploads\/sites\/2\/2026\/06\/PORTADA-GRADUACION.jpg","contentUrl":"https:\/\/monzon.salesianos.edu\/colegio\/wp-content\/uploads\/sites\/2\/2026\/06\/PORTADA-GRADUACION.jpg","width":1649,"height":926},{"@type":"BreadcrumbList","@id":"https:\/\/monzon.salesianos.edu\/colegio\/salesianos-monzon-despide-a-sus-alumnos-l\/#breadcrumb","itemListElement":[{"@type":"ListItem","position":1,"name":"Portada","item":"https:\/\/monzon.salesianos.edu\/colegio\/"},{"@type":"ListItem","position":2,"name":"Salesianos Monz\u00f3n despide a sus alumnos de 4\u00ba de ESO, Bachillerato y Formaci\u00f3n Profesional"}]},{"@type":"WebSite","@id":"https:\/\/monzon.salesianos.edu\/colegio\/#website","url":"https:\/\/monzon.salesianos.edu\/colegio\/","name":"Colegio Santo Domingo Savio","description":"P\u00e1gina oficial Salesianos Monz\u00f3n","potentialAction":[{"@type":"SearchAction","target":{"@type":"EntryPoint","urlTemplate":"https:\/\/monzon.salesianos.edu\/colegio\/?s={search_term_string}"},"query-input":{"@type":"PropertyValueSpecification","valueRequired":true,"valueName":"search_term_string"}}],"inLanguage":"es"},{"@type":"Person","@id":"https:\/\/monzon.salesianos.edu\/colegio\/#\/schema\/person\/1cf23e390fdfcec5df68ee2f86e0ee2d","name":"danielmeler","image":{"@type":"ImageObject","inLanguage":"es","@id":"https:\/\/secure.gravatar.com\/avatar\/97a450d3b1e626ca68b8eba8d85faf291574499c72c9d77870c46aa8bd969acd?s=96&d=mm&r=g","url":"https:\/\/secure.gravatar.com\/avatar\/97a450d3b1e626ca68b8eba8d85faf291574499c72c9d77870c46aa8bd969acd?s=96&d=mm&r=g","contentUrl":"https:\/\/secure.gravatar.com\/avatar\/97a450d3b1e626ca68b8eba8d85faf291574499c72c9d77870c46aa8bd969acd?s=96&d=mm&r=g","caption":"danielmeler"}}]}},"_links":{"self":[{"href":"https:\/\/monzon.salesianos.edu\/colegio\/wp-json\/wp\/v2\/posts\/12977","targetHints":{"allow":["GET"]}}],"collection":[{"href":"https:\/\/monzon.salesianos.edu\/colegio\/wp-json\/wp\/v2\/posts"}],"about":[{"href":"https:\/\/monzon.salesianos.edu\/colegio\/wp-json\/wp\/v2\/types\/post"}],"author":[{"embeddable":true,"href":"https:\/\/monzon.salesianos.edu\/colegio\/wp-json\/wp\/v2\/users\/8"}],"replies":[{"embeddable":true,"href":"https:\/\/monzon.salesianos.edu\/colegio\/wp-json\/wp\/v2\/comments?post=12977"}],"version-history":[{"count":4,"href":"https:\/\/monzon.salesianos.edu\/colegio\/wp-json\/wp\/v2\/posts\/12977\/revisions"}],"predecessor-version":[{"id":12998,"href":"https:\/\/monzon.salesianos.edu\/colegio\/wp-json\/wp\/v2\/posts\/12977\/revisions\/12998"}],"wp:featuredmedia":[{"embeddable":true,"href":"https:\/\/monzon.salesianos.edu\/colegio\/wp-json\/wp\/v2\/media\/12978"}],"wp:attachment":[{"href":"https:\/\/monzon.salesianos.edu\/colegio\/wp-json\/wp\/v2\/media?parent=12977"}],"wp:term":[{"taxonomy":"category","embeddable":true,"href":"https:\/\/monzon.salesianos.edu\/colegio\/wp-json\/wp\/v2\/categories?post=12977"},{"taxonomy":"post_tag","embeddable":true,"href":"https:\/\/monzon.salesianos.edu\/colegio\/wp-json\/wp\/v2\/tags?post=12977"}],"curies":[{"name":"wp","href":"https:\/\/api.w.org\/{rel}","templated":true}]}}