{"id":12950,"date":"2026-03-11T18:48:27","date_gmt":"2026-03-11T17:48:27","guid":{"rendered":"https:\/\/monzon.salesianos.edu\/colegio\/salesianos-monzon-recibe-un-reconocimiento-en-los-iv-premios-empresa-monzon-cinca-medio-2025\/"},"modified":"2026-03-11T18:51:14","modified_gmt":"2026-03-11T17:51:14","slug":"salesianos-monzon-recibe-un-reconocimiento-en-los-iv-premios-empresa-monzon-cinca-medio-2025","status":"publish","type":"post","link":"https:\/\/monzon.salesianos.edu\/colegio\/salesianos-monzon-recibe-un-reconocimiento-en-los-iv-premios-empresa-monzon-cinca-medio-2025\/","title":{"rendered":"Salesianos Monz\u00f3n recibe un reconocimiento en los IV Premios Empresa Monz\u00f3n\u2013Cinca Medio 2025"},"content":{"rendered":"<p>[et_pb_section fb_built=\u00bb1&#8243; admin_label=\u00bbsection\u00bb _builder_version=\u00bb4.16&#8243; global_colors_info=\u00bb{}\u00bb theme_builder_area=\u00bbpost_content\u00bb][et_pb_row admin_label=\u00bbrow\u00bb _builder_version=\u00bb4.16&#8243; background_size=\u00bbinitial\u00bb background_position=\u00bbtop_left\u00bb background_repeat=\u00bbrepeat\u00bb global_colors_info=\u00bb{}\u00bb theme_builder_area=\u00bbpost_content\u00bb][et_pb_column type=\u00bb4_4&#8243; _builder_version=\u00bb4.16&#8243; custom_padding=\u00bb|||\u00bb global_colors_info=\u00bb{}\u00bb custom_padding__hover=\u00bb|||\u00bb theme_builder_area=\u00bbpost_content\u00bb][et_pb_text admin_label=\u00bbEntradilla (Texto)\u00bb _builder_version=\u00bb4.27.4&#8243; text_font=\u00bb|on|||\u00bb text_orientation=\u00bbjustified\u00bb border_style=\u00bbsolid\u00bb global_colors_info=\u00bb{}\u00bb theme_builder_area=\u00bbpost_content\u00bb]<\/p>\n<h1><i>El Colegio Salesiano Santo Domingo Savio de Monz\u00f3n fue uno de los protagonistas de la gala de los IV Premios Empresa Monz\u00f3n\u2013Cinca Medio 2025, celebrada el pasado 5 de marzo en el Hotel Mas Monz\u00f3n.<\/i><\/h1>\n<p>[\/et_pb_text][et_pb_text admin_label=\u00bbAutor (Texto)\u00bb _builder_version=\u00bb4.27.4&#8243; text_font=\u00bb||on||\u00bb border_style=\u00bbsolid\u00bb global_colors_info=\u00bb{}\u00bb theme_builder_area=\u00bbpost_content\u00bb]<\/p>\n<p>Por Jorge Alqu\u00e9zar<\/p>\n<p>[\/et_pb_text][et_pb_text admin_label=\u00bbDesarrollo (Texto)\u00bb _builder_version=\u00bb4.27.4&#8243; text_orientation=\u00bbjustified\u00bb border_style=\u00bbsolid\u00bb global_colors_info=\u00bb{}\u00bb theme_builder_area=\u00bbpost_content\u00bb]<\/p>\n<p>El evento, organizado por la <strong>Asociaci\u00f3n de Empresarios de Monz\u00f3n y Cinca Medio<\/strong>, junto con la Comarca del Cinca Medio y el Ayuntamiento de Monz\u00f3n, reuni\u00f3 a representantes del tejido empresarial e institucional de la comarca para reconocer el trabajo de empresas e instituciones que contribuyen al desarrollo econ\u00f3mico y social del territorio.<\/p>\n<p>El acto fue inaugurado por <strong>Nacho Ord\u00edn Barrab\u00e9s<\/strong>, exjugador profesional de baloncesto y actualmente miembro del departamento jur\u00eddico del FC Barcelona. Durante la gala se entregaron distintos galardones en categor\u00edas como Innovaci\u00f3n, Internacionalizaci\u00f3n, Log\u00edstica, PYME, Emprendimiento, Servicios y Trayectoria Empresarial, reconociendo la labor de empresas y entidades de la comarca.<\/p>\n<p>En este marco, el Colegio Salesiano Santo Domingo Savio de Monz\u00f3n recibi\u00f3 un reconocimiento especial por su papel como motor educativo y formativo de la ciudad y su entorno. El galard\u00f3n fue recogido por Antonio Campo, director titular del centro, y Anabel Novell\u00f3n, directora pedag\u00f3gica.<\/p>\n<p>Este reconocimiento pone en valor la trayectoria de una instituci\u00f3n que forma parte de la historia de Monz\u00f3n. Fundado en 1952 de la mano de <strong>Don Jos\u00e9 Mar\u00eda Pe\u00f1aranda<\/strong> y la empresa <strong>Hidro-Nitro<\/strong> \u2014hoy Ferroglobe\u2014, el centro fue la primera escuela de Formaci\u00f3n Profesional de la provincia de Huesca. Desde entonces, tres generaciones de montisonenses y vecinos de comarcas cercanas han pasado por sus aulas, form\u00e1ndose como profesionales que hoy desempe\u00f1an su labor en empresas del sector industrial y de servicios.<\/p>\n<p>En la actualidad, el colegio cuenta con m\u00e1s de 800 alumnos y una oferta educativa que abarca desde Educaci\u00f3n Secundaria Obligatoria hasta Ciclos Formativos de Grado Superior, en especialidades como mecanizado, electricidad, administraci\u00f3n, cuidados auxiliares de enfermer\u00eda, automatizaci\u00f3n y rob\u00f3tica o construcciones met\u00e1licas. Adem\u00e1s, mantiene una estrecha colaboraci\u00f3n con m\u00e1s de 200 empresas, donde el alumnado realiza sus pr\u00e1cticas y primeros contactos con el mundo laboral.<\/p>\n<p>Como muestra de este compromiso con la formaci\u00f3n y el desarrollo del territorio, el centro recibi\u00f3 tambi\u00e9n un premio de 3.000 euros destinado a material de Formaci\u00f3n Profesional, concedido gracias a la colaboraci\u00f3n del Ayuntamiento de Monz\u00f3n, la Comarca del Cinca Medio, la Asociaci\u00f3n de Empresarios de Monz\u00f3n y Ferroglobe.<\/p>\n<p>Desde el colegio Salesiano Santo Domingo Savio se agradece este reconocimiento, que refuerza el compromiso de seguir trabajando junto a empresas e instituciones para formar a las nuevas generaciones de profesionales, contribuyendo al progreso de Monz\u00f3n y su comarca.<\/p>\n<p>\u200b<\/p>\n<p>[\/et_pb_text][et_pb_text disabled_on=\u00bboff|off|off\u00bb admin_label=\u00bbT\u00edtulo: Galer\u00eda de fotos (Texto)\u00bb _builder_version=\u00bb4.16&#8243; text_font=\u00bb|on|||\u00bb text_text_color=\u00bb#dc001b\u00bb border_style=\u00bbsolid\u00bb global_colors_info=\u00bb{}\u00bb theme_builder_area=\u00bbpost_content\u00bb]Galer\u00eda de im\u00e1genes<br \/>\n[\/et_pb_text][et_pb_gallery posts_number=\u00bb8&#8243; show_title_and_caption=\u00bboff\u00bb zoom_icon_color=\u00bb#dc001b\u00bb hover_icon=\u00bb&#x54;||divi||400&#8243; disabled_on=\u00bboff|off|off\u00bb admin_label=\u00bbGaler\u00eda\u00bb _builder_version=\u00bb4.27.4&#8243; hover_enabled=\u00bb0&#8243; border_style=\u00bbsolid\u00bb global_colors_info=\u00bb{}\u00bb theme_builder_area=\u00bbpost_content\u00bb gallery_ids=\u00bb12952,12953&#8243; sticky_enabled=\u00bb0&#8243;][\/et_pb_gallery][et_pb_video disabled_on=\u00bbon|on|on\u00bb admin_label=\u00bbV\u00eddeo\u00bb _builder_version=\u00bb4.16&#8243; disabled=\u00bbon\u00bb global_colors_info=\u00bb{}\u00bb theme_builder_area=\u00bbpost_content\u00bb][\/et_pb_video][\/et_pb_column][\/et_pb_row][\/et_pb_section][et_pb_section fb_built=\u00bb1&#8243; _builder_version=\u00bb4.27.4&#8243; _module_preset=\u00bbdefault\u00bb global_colors_info=\u00bb{}\u00bb theme_builder_area=\u00bbpost_content\u00bb][et_pb_row _builder_version=\u00bb4.27.4&#8243; _module_preset=\u00bbdefault\u00bb global_colors_info=\u00bb{}\u00bb theme_builder_area=\u00bbpost_content\u00bb][et_pb_column type=\u00bb4_4&#8243; _builder_version=\u00bb4.27.4&#8243; _module_preset=\u00bbdefault\u00bb global_colors_info=\u00bb{}\u00bb theme_builder_area=\u00bbpost_content\u00bb][et_pb_gallery gallery_ids=\u00bb64340,64341&#8243; _builder_version=\u00bb4.27.4&#8243; _module_preset=\u00bbdefault\u00bb global_colors_info=\u00bb{}\u00bb theme_builder_area=\u00bbpost_content\u00bb][\/et_pb_gallery][\/et_pb_column][\/et_pb_row][\/et_pb_section]<\/p>\n","protected":false},"excerpt":{"rendered":"<p>El Colegio Salesiano Santo Domingo Savio de Monz\u00f3n fue uno de los protagonistas de la gala de los IV Premios Empresa Monz\u00f3n\u2013Cinca Medio 2025, celebrada el pasado 5 de marzo en el Hotel Mas Monz\u00f3n.Por Jorge Alqu\u00e9zarEl evento, organizado por la Asociaci\u00f3n de Empresarios de Monz\u00f3n y Cinca Medio, junto con la Comarca del Cinca [&hellip;]<\/p>\n","protected":false},"author":8,"featured_media":12951,"comment_status":"open","ping_status":"open","sticky":false,"template":"","format":"standard","meta":{"_et_pb_use_builder":"on","_et_pb_old_content":"","_et_gb_content_width":"","footnotes":""},"categories":[10],"tags":[],"class_list":["post-12950","post","type-post","status-publish","format-standard","has-post-thumbnail","hentry","category-colegio"],"yoast_head":"<!-- This site is optimized with the Yoast SEO plugin v28.4 - https:\/\/yoast.com\/product\/yoast-seo-wordpress\/ -->\n<title>Salesianos Monz\u00f3n recibe un reconocimiento en los IV Premios Empresa Monz\u00f3n\u2013Cinca Medio 2025 - Colegio Santo Domingo Savio<\/title>\n<meta name=\"robots\" content=\"index, follow, max-snippet:-1, max-image-preview:large, max-video-preview:-1\" \/>\n<link rel=\"canonical\" href=\"https:\/\/monzon.salesianos.edu\/colegio\/salesianos-monzon-recibe-un-reconocimiento-en-los-iv-premios-empresa-monzon-cinca-medio-2025\/\" \/>\n<meta property=\"og:locale\" content=\"es_ES\" \/>\n<meta property=\"og:type\" content=\"article\" \/>\n<meta property=\"og:title\" content=\"Salesianos Monz\u00f3n recibe un reconocimiento en los IV Premios Empresa Monz\u00f3n\u2013Cinca Medio 2025 - Colegio Santo Domingo Savio\" \/>\n<meta property=\"og:description\" content=\"El Colegio Salesiano Santo Domingo Savio de Monz\u00f3n fue uno de los protagonistas de la gala de los IV Premios Empresa Monz\u00f3n\u2013Cinca Medio 2025, celebrada el pasado 5 de marzo en el Hotel Mas Monz\u00f3n.Por Jorge Alqu\u00e9zarEl evento, organizado por la Asociaci\u00f3n de Empresarios de Monz\u00f3n y Cinca Medio, junto con la Comarca del Cinca [&hellip;]\" \/>\n<meta property=\"og:url\" content=\"https:\/\/monzon.salesianos.edu\/colegio\/salesianos-monzon-recibe-un-reconocimiento-en-los-iv-premios-empresa-monzon-cinca-medio-2025\/\" \/>\n<meta property=\"og:site_name\" content=\"Colegio Santo Domingo Savio\" \/>\n<meta property=\"article:published_time\" content=\"2026-03-11T17:48:27+00:00\" \/>\n<meta property=\"article:modified_time\" content=\"2026-03-11T17:51:14+00:00\" \/>\n<meta property=\"og:image\" content=\"https:\/\/monzon.salesianos.edu\/colegio\/wp-content\/uploads\/sites\/2\/2026\/03\/PORTADA-SALESIANOS-MONZON-PREMIO.jpeg\" \/>\n\t<meta property=\"og:image:width\" content=\"1649\" \/>\n\t<meta property=\"og:image:height\" content=\"926\" \/>\n\t<meta property=\"og:image:type\" content=\"image\/jpeg\" \/>\n<meta name=\"author\" content=\"danielmeler\" \/>\n<meta name=\"twitter:card\" content=\"summary_large_image\" \/>\n<meta name=\"twitter:label1\" content=\"Escrito por\" \/>\n\t<meta name=\"twitter:data1\" content=\"danielmeler\" \/>\n\t<meta name=\"twitter:label2\" content=\"Tiempo de lectura\" \/>\n\t<meta name=\"twitter:data2\" content=\"4 minutos\" \/>\n<script type=\"application\/ld+json\" class=\"yoast-schema-graph\">{\"@context\":\"https:\\\/\\\/schema.org\",\"@graph\":[{\"@type\":\"Article\",\"@id\":\"https:\\\/\\\/monzon.salesianos.edu\\\/colegio\\\/salesianos-monzon-recibe-un-reconocimiento-en-los-iv-premios-empresa-monzon-cinca-medio-2025\\\/#article\",\"isPartOf\":{\"@id\":\"https:\\\/\\\/monzon.salesianos.edu\\\/colegio\\\/salesianos-monzon-recibe-un-reconocimiento-en-los-iv-premios-empresa-monzon-cinca-medio-2025\\\/\"},\"author\":{\"name\":\"danielmeler\",\"@id\":\"https:\\\/\\\/monzon.salesianos.edu\\\/colegio\\\/#\\\/schema\\\/person\\\/1cf23e390fdfcec5df68ee2f86e0ee2d\"},\"headline\":\"Salesianos Monz\u00f3n recibe un reconocimiento en los IV Premios Empresa Monz\u00f3n\u2013Cinca Medio 2025\",\"datePublished\":\"2026-03-11T17:48:27+00:00\",\"dateModified\":\"2026-03-11T17:51:14+00:00\",\"mainEntityOfPage\":{\"@id\":\"https:\\\/\\\/monzon.salesianos.edu\\\/colegio\\\/salesianos-monzon-recibe-un-reconocimiento-en-los-iv-premios-empresa-monzon-cinca-medio-2025\\\/\"},\"wordCount\":834,\"commentCount\":0,\"image\":{\"@id\":\"https:\\\/\\\/monzon.salesianos.edu\\\/colegio\\\/salesianos-monzon-recibe-un-reconocimiento-en-los-iv-premios-empresa-monzon-cinca-medio-2025\\\/#primaryimage\"},\"thumbnailUrl\":\"https:\\\/\\\/monzon.salesianos.edu\\\/colegio\\\/wp-content\\\/uploads\\\/sites\\\/2\\\/2026\\\/03\\\/PORTADA-SALESIANOS-MONZON-PREMIO.jpeg\",\"articleSection\":[\"Colegio\"],\"inLanguage\":\"es\",\"potentialAction\":[{\"@type\":\"CommentAction\",\"name\":\"Comment\",\"target\":[\"https:\\\/\\\/monzon.salesianos.edu\\\/colegio\\\/salesianos-monzon-recibe-un-reconocimiento-en-los-iv-premios-empresa-monzon-cinca-medio-2025\\\/#respond\"]}]},{\"@type\":\"WebPage\",\"@id\":\"https:\\\/\\\/monzon.salesianos.edu\\\/colegio\\\/salesianos-monzon-recibe-un-reconocimiento-en-los-iv-premios-empresa-monzon-cinca-medio-2025\\\/\",\"url\":\"https:\\\/\\\/monzon.salesianos.edu\\\/colegio\\\/salesianos-monzon-recibe-un-reconocimiento-en-los-iv-premios-empresa-monzon-cinca-medio-2025\\\/\",\"name\":\"Salesianos Monz\u00f3n recibe un reconocimiento en los IV Premios Empresa Monz\u00f3n\u2013Cinca Medio 2025 - Colegio Santo Domingo Savio\",\"isPartOf\":{\"@id\":\"https:\\\/\\\/monzon.salesianos.edu\\\/colegio\\\/#website\"},\"primaryImageOfPage\":{\"@id\":\"https:\\\/\\\/monzon.salesianos.edu\\\/colegio\\\/salesianos-monzon-recibe-un-reconocimiento-en-los-iv-premios-empresa-monzon-cinca-medio-2025\\\/#primaryimage\"},\"image\":{\"@id\":\"https:\\\/\\\/monzon.salesianos.edu\\\/colegio\\\/salesianos-monzon-recibe-un-reconocimiento-en-los-iv-premios-empresa-monzon-cinca-medio-2025\\\/#primaryimage\"},\"thumbnailUrl\":\"https:\\\/\\\/monzon.salesianos.edu\\\/colegio\\\/wp-content\\\/uploads\\\/sites\\\/2\\\/2026\\\/03\\\/PORTADA-SALESIANOS-MONZON-PREMIO.jpeg\",\"datePublished\":\"2026-03-11T17:48:27+00:00\",\"dateModified\":\"2026-03-11T17:51:14+00:00\",\"author\":{\"@id\":\"https:\\\/\\\/monzon.salesianos.edu\\\/colegio\\\/#\\\/schema\\\/person\\\/1cf23e390fdfcec5df68ee2f86e0ee2d\"},\"breadcrumb\":{\"@id\":\"https:\\\/\\\/monzon.salesianos.edu\\\/colegio\\\/salesianos-monzon-recibe-un-reconocimiento-en-los-iv-premios-empresa-monzon-cinca-medio-2025\\\/#breadcrumb\"},\"inLanguage\":\"es\",\"potentialAction\":[{\"@type\":\"ReadAction\",\"target\":[\"https:\\\/\\\/monzon.salesianos.edu\\\/colegio\\\/salesianos-monzon-recibe-un-reconocimiento-en-los-iv-premios-empresa-monzon-cinca-medio-2025\\\/\"]}]},{\"@type\":\"ImageObject\",\"inLanguage\":\"es\",\"@id\":\"https:\\\/\\\/monzon.salesianos.edu\\\/colegio\\\/salesianos-monzon-recibe-un-reconocimiento-en-los-iv-premios-empresa-monzon-cinca-medio-2025\\\/#primaryimage\",\"url\":\"https:\\\/\\\/monzon.salesianos.edu\\\/colegio\\\/wp-content\\\/uploads\\\/sites\\\/2\\\/2026\\\/03\\\/PORTADA-SALESIANOS-MONZON-PREMIO.jpeg\",\"contentUrl\":\"https:\\\/\\\/monzon.salesianos.edu\\\/colegio\\\/wp-content\\\/uploads\\\/sites\\\/2\\\/2026\\\/03\\\/PORTADA-SALESIANOS-MONZON-PREMIO.jpeg\",\"width\":1649,\"height\":926},{\"@type\":\"BreadcrumbList\",\"@id\":\"https:\\\/\\\/monzon.salesianos.edu\\\/colegio\\\/salesianos-monzon-recibe-un-reconocimiento-en-los-iv-premios-empresa-monzon-cinca-medio-2025\\\/#breadcrumb\",\"itemListElement\":[{\"@type\":\"ListItem\",\"position\":1,\"name\":\"Portada\",\"item\":\"https:\\\/\\\/monzon.salesianos.edu\\\/colegio\\\/\"},{\"@type\":\"ListItem\",\"position\":2,\"name\":\"Salesianos Monz\u00f3n recibe un reconocimiento en los IV Premios Empresa Monz\u00f3n\u2013Cinca Medio 2025\"}]},{\"@type\":\"WebSite\",\"@id\":\"https:\\\/\\\/monzon.salesianos.edu\\\/colegio\\\/#website\",\"url\":\"https:\\\/\\\/monzon.salesianos.edu\\\/colegio\\\/\",\"name\":\"Colegio Santo Domingo Savio\",\"description\":\"P\u00e1gina oficial Salesianos Monz\u00f3n\",\"potentialAction\":[{\"@type\":\"SearchAction\",\"target\":{\"@type\":\"EntryPoint\",\"urlTemplate\":\"https:\\\/\\\/monzon.salesianos.edu\\\/colegio\\\/?s={search_term_string}\"},\"query-input\":{\"@type\":\"PropertyValueSpecification\",\"valueRequired\":true,\"valueName\":\"search_term_string\"}}],\"inLanguage\":\"es\"},{\"@type\":\"Person\",\"@id\":\"https:\\\/\\\/monzon.salesianos.edu\\\/colegio\\\/#\\\/schema\\\/person\\\/1cf23e390fdfcec5df68ee2f86e0ee2d\",\"name\":\"danielmeler\",\"image\":{\"@type\":\"ImageObject\",\"inLanguage\":\"es\",\"@id\":\"https:\\\/\\\/secure.gravatar.com\\\/avatar\\\/97a450d3b1e626ca68b8eba8d85faf291574499c72c9d77870c46aa8bd969acd?s=96&d=mm&r=g\",\"url\":\"https:\\\/\\\/secure.gravatar.com\\\/avatar\\\/97a450d3b1e626ca68b8eba8d85faf291574499c72c9d77870c46aa8bd969acd?s=96&d=mm&r=g\",\"contentUrl\":\"https:\\\/\\\/secure.gravatar.com\\\/avatar\\\/97a450d3b1e626ca68b8eba8d85faf291574499c72c9d77870c46aa8bd969acd?s=96&d=mm&r=g\",\"caption\":\"danielmeler\"}}]}<\/script>\n<!-- \/ Yoast SEO plugin. -->","yoast_head_json":{"title":"Salesianos Monz\u00f3n recibe un reconocimiento en los IV Premios Empresa Monz\u00f3n\u2013Cinca Medio 2025 - Colegio Santo Domingo Savio","robots":{"index":"index","follow":"follow","max-snippet":"max-snippet:-1","max-image-preview":"max-image-preview:large","max-video-preview":"max-video-preview:-1"},"canonical":"https:\/\/monzon.salesianos.edu\/colegio\/salesianos-monzon-recibe-un-reconocimiento-en-los-iv-premios-empresa-monzon-cinca-medio-2025\/","og_locale":"es_ES","og_type":"article","og_title":"Salesianos Monz\u00f3n recibe un reconocimiento en los IV Premios Empresa Monz\u00f3n\u2013Cinca Medio 2025 - Colegio Santo Domingo Savio","og_description":"El Colegio Salesiano Santo Domingo Savio de Monz\u00f3n fue uno de los protagonistas de la gala de los IV Premios Empresa Monz\u00f3n\u2013Cinca Medio 2025, celebrada el pasado 5 de marzo en el Hotel Mas Monz\u00f3n.Por Jorge Alqu\u00e9zarEl evento, organizado por la Asociaci\u00f3n de Empresarios de Monz\u00f3n y Cinca Medio, junto con la Comarca del Cinca [&hellip;]","og_url":"https:\/\/monzon.salesianos.edu\/colegio\/salesianos-monzon-recibe-un-reconocimiento-en-los-iv-premios-empresa-monzon-cinca-medio-2025\/","og_site_name":"Colegio Santo Domingo Savio","article_published_time":"2026-03-11T17:48:27+00:00","article_modified_time":"2026-03-11T17:51:14+00:00","og_image":[{"width":1649,"height":926,"url":"https:\/\/monzon.salesianos.edu\/colegio\/wp-content\/uploads\/sites\/2\/2026\/03\/PORTADA-SALESIANOS-MONZON-PREMIO.jpeg","type":"image\/jpeg"}],"author":"danielmeler","twitter_card":"summary_large_image","twitter_misc":{"Escrito por":"danielmeler","Tiempo de lectura":"4 minutos"},"schema":{"@context":"https:\/\/schema.org","@graph":[{"@type":"Article","@id":"https:\/\/monzon.salesianos.edu\/colegio\/salesianos-monzon-recibe-un-reconocimiento-en-los-iv-premios-empresa-monzon-cinca-medio-2025\/#article","isPartOf":{"@id":"https:\/\/monzon.salesianos.edu\/colegio\/salesianos-monzon-recibe-un-reconocimiento-en-los-iv-premios-empresa-monzon-cinca-medio-2025\/"},"author":{"name":"danielmeler","@id":"https:\/\/monzon.salesianos.edu\/colegio\/#\/schema\/person\/1cf23e390fdfcec5df68ee2f86e0ee2d"},"headline":"Salesianos Monz\u00f3n recibe un reconocimiento en los IV Premios Empresa Monz\u00f3n\u2013Cinca Medio 2025","datePublished":"2026-03-11T17:48:27+00:00","dateModified":"2026-03-11T17:51:14+00:00","mainEntityOfPage":{"@id":"https:\/\/monzon.salesianos.edu\/colegio\/salesianos-monzon-recibe-un-reconocimiento-en-los-iv-premios-empresa-monzon-cinca-medio-2025\/"},"wordCount":834,"commentCount":0,"image":{"@id":"https:\/\/monzon.salesianos.edu\/colegio\/salesianos-monzon-recibe-un-reconocimiento-en-los-iv-premios-empresa-monzon-cinca-medio-2025\/#primaryimage"},"thumbnailUrl":"https:\/\/monzon.salesianos.edu\/colegio\/wp-content\/uploads\/sites\/2\/2026\/03\/PORTADA-SALESIANOS-MONZON-PREMIO.jpeg","articleSection":["Colegio"],"inLanguage":"es","potentialAction":[{"@type":"CommentAction","name":"Comment","target":["https:\/\/monzon.salesianos.edu\/colegio\/salesianos-monzon-recibe-un-reconocimiento-en-los-iv-premios-empresa-monzon-cinca-medio-2025\/#respond"]}]},{"@type":"WebPage","@id":"https:\/\/monzon.salesianos.edu\/colegio\/salesianos-monzon-recibe-un-reconocimiento-en-los-iv-premios-empresa-monzon-cinca-medio-2025\/","url":"https:\/\/monzon.salesianos.edu\/colegio\/salesianos-monzon-recibe-un-reconocimiento-en-los-iv-premios-empresa-monzon-cinca-medio-2025\/","name":"Salesianos Monz\u00f3n recibe un reconocimiento en los IV Premios Empresa Monz\u00f3n\u2013Cinca Medio 2025 - Colegio Santo Domingo Savio","isPartOf":{"@id":"https:\/\/monzon.salesianos.edu\/colegio\/#website"},"primaryImageOfPage":{"@id":"https:\/\/monzon.salesianos.edu\/colegio\/salesianos-monzon-recibe-un-reconocimiento-en-los-iv-premios-empresa-monzon-cinca-medio-2025\/#primaryimage"},"image":{"@id":"https:\/\/monzon.salesianos.edu\/colegio\/salesianos-monzon-recibe-un-reconocimiento-en-los-iv-premios-empresa-monzon-cinca-medio-2025\/#primaryimage"},"thumbnailUrl":"https:\/\/monzon.salesianos.edu\/colegio\/wp-content\/uploads\/sites\/2\/2026\/03\/PORTADA-SALESIANOS-MONZON-PREMIO.jpeg","datePublished":"2026-03-11T17:48:27+00:00","dateModified":"2026-03-11T17:51:14+00:00","author":{"@id":"https:\/\/monzon.salesianos.edu\/colegio\/#\/schema\/person\/1cf23e390fdfcec5df68ee2f86e0ee2d"},"breadcrumb":{"@id":"https:\/\/monzon.salesianos.edu\/colegio\/salesianos-monzon-recibe-un-reconocimiento-en-los-iv-premios-empresa-monzon-cinca-medio-2025\/#breadcrumb"},"inLanguage":"es","potentialAction":[{"@type":"ReadAction","target":["https:\/\/monzon.salesianos.edu\/colegio\/salesianos-monzon-recibe-un-reconocimiento-en-los-iv-premios-empresa-monzon-cinca-medio-2025\/"]}]},{"@type":"ImageObject","inLanguage":"es","@id":"https:\/\/monzon.salesianos.edu\/colegio\/salesianos-monzon-recibe-un-reconocimiento-en-los-iv-premios-empresa-monzon-cinca-medio-2025\/#primaryimage","url":"https:\/\/monzon.salesianos.edu\/colegio\/wp-content\/uploads\/sites\/2\/2026\/03\/PORTADA-SALESIANOS-MONZON-PREMIO.jpeg","contentUrl":"https:\/\/monzon.salesianos.edu\/colegio\/wp-content\/uploads\/sites\/2\/2026\/03\/PORTADA-SALESIANOS-MONZON-PREMIO.jpeg","width":1649,"height":926},{"@type":"BreadcrumbList","@id":"https:\/\/monzon.salesianos.edu\/colegio\/salesianos-monzon-recibe-un-reconocimiento-en-los-iv-premios-empresa-monzon-cinca-medio-2025\/#breadcrumb","itemListElement":[{"@type":"ListItem","position":1,"name":"Portada","item":"https:\/\/monzon.salesianos.edu\/colegio\/"},{"@type":"ListItem","position":2,"name":"Salesianos Monz\u00f3n recibe un reconocimiento en los IV Premios Empresa Monz\u00f3n\u2013Cinca Medio 2025"}]},{"@type":"WebSite","@id":"https:\/\/monzon.salesianos.edu\/colegio\/#website","url":"https:\/\/monzon.salesianos.edu\/colegio\/","name":"Colegio Santo Domingo Savio","description":"P\u00e1gina oficial Salesianos Monz\u00f3n","potentialAction":[{"@type":"SearchAction","target":{"@type":"EntryPoint","urlTemplate":"https:\/\/monzon.salesianos.edu\/colegio\/?s={search_term_string}"},"query-input":{"@type":"PropertyValueSpecification","valueRequired":true,"valueName":"search_term_string"}}],"inLanguage":"es"},{"@type":"Person","@id":"https:\/\/monzon.salesianos.edu\/colegio\/#\/schema\/person\/1cf23e390fdfcec5df68ee2f86e0ee2d","name":"danielmeler","image":{"@type":"ImageObject","inLanguage":"es","@id":"https:\/\/secure.gravatar.com\/avatar\/97a450d3b1e626ca68b8eba8d85faf291574499c72c9d77870c46aa8bd969acd?s=96&d=mm&r=g","url":"https:\/\/secure.gravatar.com\/avatar\/97a450d3b1e626ca68b8eba8d85faf291574499c72c9d77870c46aa8bd969acd?s=96&d=mm&r=g","contentUrl":"https:\/\/secure.gravatar.com\/avatar\/97a450d3b1e626ca68b8eba8d85faf291574499c72c9d77870c46aa8bd969acd?s=96&d=mm&r=g","caption":"danielmeler"}}]}},"_links":{"self":[{"href":"https:\/\/monzon.salesianos.edu\/colegio\/wp-json\/wp\/v2\/posts\/12950","targetHints":{"allow":["GET"]}}],"collection":[{"href":"https:\/\/monzon.salesianos.edu\/colegio\/wp-json\/wp\/v2\/posts"}],"about":[{"href":"https:\/\/monzon.salesianos.edu\/colegio\/wp-json\/wp\/v2\/types\/post"}],"author":[{"embeddable":true,"href":"https:\/\/monzon.salesianos.edu\/colegio\/wp-json\/wp\/v2\/users\/8"}],"replies":[{"embeddable":true,"href":"https:\/\/monzon.salesianos.edu\/colegio\/wp-json\/wp\/v2\/comments?post=12950"}],"version-history":[{"count":1,"href":"https:\/\/monzon.salesianos.edu\/colegio\/wp-json\/wp\/v2\/posts\/12950\/revisions"}],"predecessor-version":[{"id":12954,"href":"https:\/\/monzon.salesianos.edu\/colegio\/wp-json\/wp\/v2\/posts\/12950\/revisions\/12954"}],"wp:featuredmedia":[{"embeddable":true,"href":"https:\/\/monzon.salesianos.edu\/colegio\/wp-json\/wp\/v2\/media\/12951"}],"wp:attachment":[{"href":"https:\/\/monzon.salesianos.edu\/colegio\/wp-json\/wp\/v2\/media?parent=12950"}],"wp:term":[{"taxonomy":"category","embeddable":true,"href":"https:\/\/monzon.salesianos.edu\/colegio\/wp-json\/wp\/v2\/categories?post=12950"},{"taxonomy":"post_tag","embeddable":true,"href":"https:\/\/monzon.salesianos.edu\/colegio\/wp-json\/wp\/v2\/tags?post=12950"}],"curies":[{"name":"wp","href":"https:\/\/api.w.org\/{rel}","templated":true}]}}