{"id":12909,"date":"2026-01-22T14:25:16","date_gmt":"2026-01-22T13:25:16","guid":{"rendered":"https:\/\/monzon.salesianos.edu\/colegio\/salesianos-monzon-participa-en-la-xii-feria-aragonesa-de-empresas-simuladas-en-sabinanigo\/"},"modified":"2026-01-22T14:29:47","modified_gmt":"2026-01-22T13:29:47","slug":"salesianos-monzon-participa-en-la-xii-feria-aragonesa-de-empresas-simuladas-en-sabinanigo","status":"publish","type":"post","link":"https:\/\/monzon.salesianos.edu\/colegio\/salesianos-monzon-participa-en-la-xii-feria-aragonesa-de-empresas-simuladas-en-sabinanigo\/","title":{"rendered":"Salesianos Monz\u00f3n participa en la XII Feria Aragonesa de Empresas Simuladas en Sabi\u00f1\u00e1nigo"},"content":{"rendered":"<p>[et_pb_section fb_built=\u00bb1&#8243; admin_label=\u00bbsection\u00bb _builder_version=\u00bb4.16&#8243; global_colors_info=\u00bb{}\u00bb][et_pb_row admin_label=\u00bbrow\u00bb _builder_version=\u00bb4.16&#8243; background_size=\u00bbinitial\u00bb background_position=\u00bbtop_left\u00bb background_repeat=\u00bbrepeat\u00bb global_colors_info=\u00bb{}\u00bb][et_pb_column type=\u00bb4_4&#8243; _builder_version=\u00bb4.16&#8243; custom_padding=\u00bb|||\u00bb global_colors_info=\u00bb{}\u00bb custom_padding__hover=\u00bb|||\u00bb][et_pb_text admin_label=\u00bbEntradilla (Texto)\u00bb _builder_version=\u00bb4.27.4&#8243; text_font=\u00bb|on|||\u00bb text_orientation=\u00bbjustified\u00bb border_style=\u00bbsolid\u00bb global_colors_info=\u00bb{}\u00bb]<\/p>\n<h1>El pasado\u00a0<strong>jueves 15 de enero<\/strong>, alumnos y alumnas de\u00a0<strong>2.\u00ba curso del Ciclo Formativo de Grado Medio de Gesti\u00f3n Administrativa<\/strong>\u00a0del Colegio Salesiano Santo Domingo Savio de Monz\u00f3n participaron en la\u00a0<strong>XII Feria Aragonesa de Empresas Simuladas<\/strong>, celebrada en la localidad de\u00a0<strong>Sabi\u00f1\u00e1nigo<\/strong>.<\/h1>\n<p>[\/et_pb_text][et_pb_text admin_label=\u00bbAutor (Texto)\u00bb _builder_version=\u00bb4.27.4&#8243; text_font=\u00bb||on||\u00bb border_style=\u00bbsolid\u00bb global_colors_info=\u00bb{}\u00bb]<\/p>\n<p>Por Jorge Alqu\u00e9zar<\/p>\n<p>[\/et_pb_text][et_pb_text admin_label=\u00bbDesarrollo (Texto)\u00bb _builder_version=\u00bb4.27.4&#8243; text_orientation=\u00bbjustified\u00bb border_style=\u00bbsolid\u00bb global_colors_info=\u00bb{}\u00bb]<\/p>\n<p>Dentro del m\u00f3dulo de\u00a0<strong>Empresa en el Aula<\/strong>, el alumnado ha desarrollado durante este curso la empresa simulada\u00a0<strong>MZN TOOLS<\/strong>, una ferreter\u00eda virtual que, bajo el lema\u00a0<em>\u201ctu herramienta del d\u00eda a d\u00eda\u201d<\/em>, ofrece productos y servicios al resto de empresas simuladas con las que interact\u00faa. Esta actividad permite al alumnado aplicar de forma pr\u00e1ctica los conocimientos adquiridos durante el primer curso del ciclo formativo.<\/p>\n<p>El proyecto se desarrolla dentro de la plataforma\u00a0<strong>INFORM<\/strong>, un entorno seguro que conecta empresas simuladas de distintos centros educativos, facilitando la compra y venta de productos entre ellas. De este modo, el aula se convierte en un aut\u00e9ntico\u00a0<strong>taller administrativo<\/strong>, donde los alumnos asumen roles reales y trabajan como si se tratara de una empresa aut\u00e9ntica.<\/p>\n<p>Las semanas previas a la feria estuvieron marcadas por el trabajo intenso y la preparaci\u00f3n del evento: dise\u00f1o del\u00a0<strong>stand<\/strong>, elaboraci\u00f3n de la documentaci\u00f3n necesaria y creaci\u00f3n de un\u00a0<strong>spot publicitario<\/strong>\u00a0para presentar la empresa ante el resto de participantes.<\/p>\n<p>La participaci\u00f3n en esta feria ha supuesto una experiencia\u00a0<strong>muy enriquecedora<\/strong>\u00a0para el alumnado, que ha podido desarrollar competencias clave como la\u00a0<strong>comunicaci\u00f3n, la negociaci\u00f3n y el trabajo en equipo<\/strong>, adem\u00e1s de ganar confianza y motivaci\u00f3n de cara a su futura incorporaci\u00f3n al mundo laboral. Un aprendizaje pr\u00e1ctico que tambi\u00e9n se vive con ilusi\u00f3n y nervios por parte del profesorado, que acompa\u00f1a y prepara al alumnado para dar sus primeros pasos en un entorno profesional simulado, pero muy cercano a la realidad.<\/p>\n<p>Desde el centro valoramos muy positivamente este tipo de iniciativas, que refuerzan la\u00a0<strong>Formaci\u00f3n Profesional<\/strong>\u00a0y acercan al alumnado a situaciones reales de trabajo.<\/p>\n<p>[\/et_pb_text][et_pb_text disabled_on=\u00bboff|off|off\u00bb admin_label=\u00bbT\u00edtulo: Galer\u00eda de fotos (Texto)\u00bb _builder_version=\u00bb4.16&#8243; text_font=\u00bb|on|||\u00bb text_text_color=\u00bb#dc001b\u00bb border_style=\u00bbsolid\u00bb global_colors_info=\u00bb{}\u00bb]Galer\u00eda de im\u00e1genes[\/et_pb_text][et_pb_gallery gallery_ids=\u00bb12912,12913,12914,12915,12916,12917,12918,12919,12920,12921,12922,12923,12924,12925&#8243; posts_number=\u00bb8&#8243; show_title_and_caption=\u00bboff\u00bb zoom_icon_color=\u00bb#dc001b\u00bb hover_icon=\u00bb&#x54;||divi||400&#8243; disabled_on=\u00bboff|off|off\u00bb admin_label=\u00bbGaler\u00eda\u00bb _builder_version=\u00bb4.27.4&#8243; hover_enabled=\u00bb0&#8243; border_style=\u00bbsolid\u00bb global_colors_info=\u00bb{}\u00bb sticky_enabled=\u00bb0&#8243;][\/et_pb_gallery][et_pb_video disabled_on=\u00bbon|on|on\u00bb admin_label=\u00bbV\u00eddeo\u00bb _builder_version=\u00bb4.16&#8243; disabled=\u00bbon\u00bb global_colors_info=\u00bb{}\u00bb][\/et_pb_video][et_pb_button button_url=\u00bbhttps:\/\/www.facebook.com\/AragonNoticias\/videos\/-sabi%C3%B1%C3%A1nigo-acoge-26-proyectos-de-600-alumnos-de-fp-en-la-feria-aragonesa-de-emp\/1388865329439673\/\u00bb url_new_window=\u00bbon\u00bb button_text=\u00bbNOTICIA TV\u00bb button_alignment=\u00bbcenter\u00bb _builder_version=\u00bb4.27.4&#8243; _module_preset=\u00bbdefault\u00bb custom_button=\u00bbon\u00bb button_text_color=\u00bb#FFFFFF\u00bb button_bg_color=\u00bb#E02B20&#8243; button_border_radius=\u00bb34px\u00bb button_icon=\u00bb&#xf26c;||fa||900&#8243; global_colors_info=\u00bb{}\u00bb][\/et_pb_button][\/et_pb_column][\/et_pb_row][\/et_pb_section]<\/p>\n","protected":false},"excerpt":{"rendered":"<p>El pasado\u00a0jueves 15 de enero, alumnos y alumnas de\u00a02.\u00ba curso del Ciclo Formativo de Grado Medio de Gesti\u00f3n Administrativa\u00a0del Colegio Salesiano Santo Domingo Savio de Monz\u00f3n participaron en la\u00a0XII Feria Aragonesa de Empresas Simuladas, celebrada en la localidad de\u00a0Sabi\u00f1\u00e1nigo.Por Jorge Alqu\u00e9zarDentro del m\u00f3dulo de\u00a0Empresa en el Aula, el alumnado ha desarrollado durante este curso la [&hellip;]<\/p>\n","protected":false},"author":8,"featured_media":12910,"comment_status":"open","ping_status":"open","sticky":false,"template":"","format":"standard","meta":{"_et_pb_use_builder":"on","_et_pb_old_content":"","_et_gb_content_width":"","footnotes":""},"categories":[10,27],"tags":[],"class_list":["post-12909","post","type-post","status-publish","format-standard","has-post-thumbnail","hentry","category-colegio","category-formacion-profesional"],"yoast_head":"<!-- This site is optimized with the Yoast SEO plugin v28.4 - https:\/\/yoast.com\/product\/yoast-seo-wordpress\/ -->\n<title>Salesianos Monz\u00f3n participa en la XII Feria Aragonesa de Empresas Simuladas en Sabi\u00f1\u00e1nigo - Colegio Santo Domingo Savio<\/title>\n<meta name=\"description\" content=\"alumnos del CF GM Gesti\u00f3n Administrativa del Colegio Salesiano Santo Domingo Savio participaron en la Feria Aragonesa de Empresas Simulada\" \/>\n<meta name=\"robots\" content=\"index, follow, max-snippet:-1, max-image-preview:large, max-video-preview:-1\" \/>\n<link rel=\"canonical\" href=\"https:\/\/monzon.salesianos.edu\/colegio\/salesianos-monzon-participa-en-la-xii-feria-aragonesa-de-empresas-simuladas-en-sabinanigo\/\" \/>\n<meta property=\"og:locale\" content=\"es_ES\" \/>\n<meta property=\"og:type\" content=\"article\" \/>\n<meta property=\"og:title\" content=\"Salesianos Monz\u00f3n participa en la XII Feria Aragonesa de Empresas Simuladas en Sabi\u00f1\u00e1nigo - Colegio Santo Domingo Savio\" \/>\n<meta property=\"og:description\" content=\"alumnos del CF GM Gesti\u00f3n Administrativa del Colegio Salesiano Santo Domingo Savio participaron en la Feria Aragonesa de Empresas Simulada\" \/>\n<meta property=\"og:url\" content=\"https:\/\/monzon.salesianos.edu\/colegio\/salesianos-monzon-participa-en-la-xii-feria-aragonesa-de-empresas-simuladas-en-sabinanigo\/\" \/>\n<meta property=\"og:site_name\" content=\"Colegio Santo Domingo Savio\" \/>\n<meta property=\"article:published_time\" content=\"2026-01-22T13:25:16+00:00\" \/>\n<meta property=\"article:modified_time\" content=\"2026-01-22T13:29:47+00:00\" \/>\n<meta property=\"og:image\" content=\"https:\/\/monzon.salesianos.edu\/colegio\/wp-content\/uploads\/sites\/2\/2026\/01\/portada-simulacion-empresas-administrativos.jpeg\" \/>\n\t<meta property=\"og:image:width\" content=\"1649\" \/>\n\t<meta property=\"og:image:height\" content=\"926\" \/>\n\t<meta property=\"og:image:type\" content=\"image\/jpeg\" \/>\n<meta name=\"author\" content=\"danielmeler\" \/>\n<meta name=\"twitter:card\" content=\"summary_large_image\" \/>\n<meta name=\"twitter:label1\" content=\"Escrito por\" \/>\n\t<meta name=\"twitter:data1\" content=\"danielmeler\" \/>\n\t<meta name=\"twitter:label2\" content=\"Tiempo de lectura\" \/>\n\t<meta name=\"twitter:data2\" content=\"5 minutos\" \/>\n<script type=\"application\/ld+json\" class=\"yoast-schema-graph\">{\"@context\":\"https:\\\/\\\/schema.org\",\"@graph\":[{\"@type\":\"Article\",\"@id\":\"https:\\\/\\\/monzon.salesianos.edu\\\/colegio\\\/salesianos-monzon-participa-en-la-xii-feria-aragonesa-de-empresas-simuladas-en-sabinanigo\\\/#article\",\"isPartOf\":{\"@id\":\"https:\\\/\\\/monzon.salesianos.edu\\\/colegio\\\/salesianos-monzon-participa-en-la-xii-feria-aragonesa-de-empresas-simuladas-en-sabinanigo\\\/\"},\"author\":{\"name\":\"danielmeler\",\"@id\":\"https:\\\/\\\/monzon.salesianos.edu\\\/colegio\\\/#\\\/schema\\\/person\\\/1cf23e390fdfcec5df68ee2f86e0ee2d\"},\"headline\":\"Salesianos Monz\u00f3n participa en la XII Feria Aragonesa de Empresas Simuladas en Sabi\u00f1\u00e1nigo\",\"datePublished\":\"2026-01-22T13:25:16+00:00\",\"dateModified\":\"2026-01-22T13:29:47+00:00\",\"mainEntityOfPage\":{\"@id\":\"https:\\\/\\\/monzon.salesianos.edu\\\/colegio\\\/salesianos-monzon-participa-en-la-xii-feria-aragonesa-de-empresas-simuladas-en-sabinanigo\\\/\"},\"wordCount\":649,\"commentCount\":0,\"image\":{\"@id\":\"https:\\\/\\\/monzon.salesianos.edu\\\/colegio\\\/salesianos-monzon-participa-en-la-xii-feria-aragonesa-de-empresas-simuladas-en-sabinanigo\\\/#primaryimage\"},\"thumbnailUrl\":\"https:\\\/\\\/monzon.salesianos.edu\\\/colegio\\\/wp-content\\\/uploads\\\/sites\\\/2\\\/2026\\\/01\\\/portada-simulacion-empresas-administrativos.jpeg\",\"articleSection\":[\"Colegio\",\"Formaci\u00f3n Profesional\"],\"inLanguage\":\"es\",\"potentialAction\":[{\"@type\":\"CommentAction\",\"name\":\"Comment\",\"target\":[\"https:\\\/\\\/monzon.salesianos.edu\\\/colegio\\\/salesianos-monzon-participa-en-la-xii-feria-aragonesa-de-empresas-simuladas-en-sabinanigo\\\/#respond\"]}]},{\"@type\":\"WebPage\",\"@id\":\"https:\\\/\\\/monzon.salesianos.edu\\\/colegio\\\/salesianos-monzon-participa-en-la-xii-feria-aragonesa-de-empresas-simuladas-en-sabinanigo\\\/\",\"url\":\"https:\\\/\\\/monzon.salesianos.edu\\\/colegio\\\/salesianos-monzon-participa-en-la-xii-feria-aragonesa-de-empresas-simuladas-en-sabinanigo\\\/\",\"name\":\"Salesianos Monz\u00f3n participa en la XII Feria Aragonesa de Empresas Simuladas en Sabi\u00f1\u00e1nigo - Colegio Santo Domingo Savio\",\"isPartOf\":{\"@id\":\"https:\\\/\\\/monzon.salesianos.edu\\\/colegio\\\/#website\"},\"primaryImageOfPage\":{\"@id\":\"https:\\\/\\\/monzon.salesianos.edu\\\/colegio\\\/salesianos-monzon-participa-en-la-xii-feria-aragonesa-de-empresas-simuladas-en-sabinanigo\\\/#primaryimage\"},\"image\":{\"@id\":\"https:\\\/\\\/monzon.salesianos.edu\\\/colegio\\\/salesianos-monzon-participa-en-la-xii-feria-aragonesa-de-empresas-simuladas-en-sabinanigo\\\/#primaryimage\"},\"thumbnailUrl\":\"https:\\\/\\\/monzon.salesianos.edu\\\/colegio\\\/wp-content\\\/uploads\\\/sites\\\/2\\\/2026\\\/01\\\/portada-simulacion-empresas-administrativos.jpeg\",\"datePublished\":\"2026-01-22T13:25:16+00:00\",\"dateModified\":\"2026-01-22T13:29:47+00:00\",\"author\":{\"@id\":\"https:\\\/\\\/monzon.salesianos.edu\\\/colegio\\\/#\\\/schema\\\/person\\\/1cf23e390fdfcec5df68ee2f86e0ee2d\"},\"description\":\"alumnos del CF GM Gesti\u00f3n Administrativa del Colegio Salesiano Santo Domingo Savio participaron en la Feria Aragonesa de Empresas Simulada\",\"breadcrumb\":{\"@id\":\"https:\\\/\\\/monzon.salesianos.edu\\\/colegio\\\/salesianos-monzon-participa-en-la-xii-feria-aragonesa-de-empresas-simuladas-en-sabinanigo\\\/#breadcrumb\"},\"inLanguage\":\"es\",\"potentialAction\":[{\"@type\":\"ReadAction\",\"target\":[\"https:\\\/\\\/monzon.salesianos.edu\\\/colegio\\\/salesianos-monzon-participa-en-la-xii-feria-aragonesa-de-empresas-simuladas-en-sabinanigo\\\/\"]}]},{\"@type\":\"ImageObject\",\"inLanguage\":\"es\",\"@id\":\"https:\\\/\\\/monzon.salesianos.edu\\\/colegio\\\/salesianos-monzon-participa-en-la-xii-feria-aragonesa-de-empresas-simuladas-en-sabinanigo\\\/#primaryimage\",\"url\":\"https:\\\/\\\/monzon.salesianos.edu\\\/colegio\\\/wp-content\\\/uploads\\\/sites\\\/2\\\/2026\\\/01\\\/portada-simulacion-empresas-administrativos.jpeg\",\"contentUrl\":\"https:\\\/\\\/monzon.salesianos.edu\\\/colegio\\\/wp-content\\\/uploads\\\/sites\\\/2\\\/2026\\\/01\\\/portada-simulacion-empresas-administrativos.jpeg\",\"width\":1649,\"height\":926},{\"@type\":\"BreadcrumbList\",\"@id\":\"https:\\\/\\\/monzon.salesianos.edu\\\/colegio\\\/salesianos-monzon-participa-en-la-xii-feria-aragonesa-de-empresas-simuladas-en-sabinanigo\\\/#breadcrumb\",\"itemListElement\":[{\"@type\":\"ListItem\",\"position\":1,\"name\":\"Portada\",\"item\":\"https:\\\/\\\/monzon.salesianos.edu\\\/colegio\\\/\"},{\"@type\":\"ListItem\",\"position\":2,\"name\":\"Salesianos Monz\u00f3n participa en la XII Feria Aragonesa de Empresas Simuladas en Sabi\u00f1\u00e1nigo\"}]},{\"@type\":\"WebSite\",\"@id\":\"https:\\\/\\\/monzon.salesianos.edu\\\/colegio\\\/#website\",\"url\":\"https:\\\/\\\/monzon.salesianos.edu\\\/colegio\\\/\",\"name\":\"Colegio Santo Domingo Savio\",\"description\":\"P\u00e1gina oficial Salesianos Monz\u00f3n\",\"potentialAction\":[{\"@type\":\"SearchAction\",\"target\":{\"@type\":\"EntryPoint\",\"urlTemplate\":\"https:\\\/\\\/monzon.salesianos.edu\\\/colegio\\\/?s={search_term_string}\"},\"query-input\":{\"@type\":\"PropertyValueSpecification\",\"valueRequired\":true,\"valueName\":\"search_term_string\"}}],\"inLanguage\":\"es\"},{\"@type\":\"Person\",\"@id\":\"https:\\\/\\\/monzon.salesianos.edu\\\/colegio\\\/#\\\/schema\\\/person\\\/1cf23e390fdfcec5df68ee2f86e0ee2d\",\"name\":\"danielmeler\",\"image\":{\"@type\":\"ImageObject\",\"inLanguage\":\"es\",\"@id\":\"https:\\\/\\\/secure.gravatar.com\\\/avatar\\\/97a450d3b1e626ca68b8eba8d85faf291574499c72c9d77870c46aa8bd969acd?s=96&d=mm&r=g\",\"url\":\"https:\\\/\\\/secure.gravatar.com\\\/avatar\\\/97a450d3b1e626ca68b8eba8d85faf291574499c72c9d77870c46aa8bd969acd?s=96&d=mm&r=g\",\"contentUrl\":\"https:\\\/\\\/secure.gravatar.com\\\/avatar\\\/97a450d3b1e626ca68b8eba8d85faf291574499c72c9d77870c46aa8bd969acd?s=96&d=mm&r=g\",\"caption\":\"danielmeler\"}}]}<\/script>\n<!-- \/ Yoast SEO plugin. -->","yoast_head_json":{"title":"Salesianos Monz\u00f3n participa en la XII Feria Aragonesa de Empresas Simuladas en Sabi\u00f1\u00e1nigo - Colegio Santo Domingo Savio","description":"alumnos del CF GM Gesti\u00f3n Administrativa del Colegio Salesiano Santo Domingo Savio participaron en la Feria Aragonesa de Empresas Simulada","robots":{"index":"index","follow":"follow","max-snippet":"max-snippet:-1","max-image-preview":"max-image-preview:large","max-video-preview":"max-video-preview:-1"},"canonical":"https:\/\/monzon.salesianos.edu\/colegio\/salesianos-monzon-participa-en-la-xii-feria-aragonesa-de-empresas-simuladas-en-sabinanigo\/","og_locale":"es_ES","og_type":"article","og_title":"Salesianos Monz\u00f3n participa en la XII Feria Aragonesa de Empresas Simuladas en Sabi\u00f1\u00e1nigo - Colegio Santo Domingo Savio","og_description":"alumnos del CF GM Gesti\u00f3n Administrativa del Colegio Salesiano Santo Domingo Savio participaron en la Feria Aragonesa de Empresas Simulada","og_url":"https:\/\/monzon.salesianos.edu\/colegio\/salesianos-monzon-participa-en-la-xii-feria-aragonesa-de-empresas-simuladas-en-sabinanigo\/","og_site_name":"Colegio Santo Domingo Savio","article_published_time":"2026-01-22T13:25:16+00:00","article_modified_time":"2026-01-22T13:29:47+00:00","og_image":[{"width":1649,"height":926,"url":"https:\/\/monzon.salesianos.edu\/colegio\/wp-content\/uploads\/sites\/2\/2026\/01\/portada-simulacion-empresas-administrativos.jpeg","type":"image\/jpeg"}],"author":"danielmeler","twitter_card":"summary_large_image","twitter_misc":{"Escrito por":"danielmeler","Tiempo de lectura":"5 minutos"},"schema":{"@context":"https:\/\/schema.org","@graph":[{"@type":"Article","@id":"https:\/\/monzon.salesianos.edu\/colegio\/salesianos-monzon-participa-en-la-xii-feria-aragonesa-de-empresas-simuladas-en-sabinanigo\/#article","isPartOf":{"@id":"https:\/\/monzon.salesianos.edu\/colegio\/salesianos-monzon-participa-en-la-xii-feria-aragonesa-de-empresas-simuladas-en-sabinanigo\/"},"author":{"name":"danielmeler","@id":"https:\/\/monzon.salesianos.edu\/colegio\/#\/schema\/person\/1cf23e390fdfcec5df68ee2f86e0ee2d"},"headline":"Salesianos Monz\u00f3n participa en la XII Feria Aragonesa de Empresas Simuladas en Sabi\u00f1\u00e1nigo","datePublished":"2026-01-22T13:25:16+00:00","dateModified":"2026-01-22T13:29:47+00:00","mainEntityOfPage":{"@id":"https:\/\/monzon.salesianos.edu\/colegio\/salesianos-monzon-participa-en-la-xii-feria-aragonesa-de-empresas-simuladas-en-sabinanigo\/"},"wordCount":649,"commentCount":0,"image":{"@id":"https:\/\/monzon.salesianos.edu\/colegio\/salesianos-monzon-participa-en-la-xii-feria-aragonesa-de-empresas-simuladas-en-sabinanigo\/#primaryimage"},"thumbnailUrl":"https:\/\/monzon.salesianos.edu\/colegio\/wp-content\/uploads\/sites\/2\/2026\/01\/portada-simulacion-empresas-administrativos.jpeg","articleSection":["Colegio","Formaci\u00f3n Profesional"],"inLanguage":"es","potentialAction":[{"@type":"CommentAction","name":"Comment","target":["https:\/\/monzon.salesianos.edu\/colegio\/salesianos-monzon-participa-en-la-xii-feria-aragonesa-de-empresas-simuladas-en-sabinanigo\/#respond"]}]},{"@type":"WebPage","@id":"https:\/\/monzon.salesianos.edu\/colegio\/salesianos-monzon-participa-en-la-xii-feria-aragonesa-de-empresas-simuladas-en-sabinanigo\/","url":"https:\/\/monzon.salesianos.edu\/colegio\/salesianos-monzon-participa-en-la-xii-feria-aragonesa-de-empresas-simuladas-en-sabinanigo\/","name":"Salesianos Monz\u00f3n participa en la XII Feria Aragonesa de Empresas Simuladas en Sabi\u00f1\u00e1nigo - Colegio Santo Domingo Savio","isPartOf":{"@id":"https:\/\/monzon.salesianos.edu\/colegio\/#website"},"primaryImageOfPage":{"@id":"https:\/\/monzon.salesianos.edu\/colegio\/salesianos-monzon-participa-en-la-xii-feria-aragonesa-de-empresas-simuladas-en-sabinanigo\/#primaryimage"},"image":{"@id":"https:\/\/monzon.salesianos.edu\/colegio\/salesianos-monzon-participa-en-la-xii-feria-aragonesa-de-empresas-simuladas-en-sabinanigo\/#primaryimage"},"thumbnailUrl":"https:\/\/monzon.salesianos.edu\/colegio\/wp-content\/uploads\/sites\/2\/2026\/01\/portada-simulacion-empresas-administrativos.jpeg","datePublished":"2026-01-22T13:25:16+00:00","dateModified":"2026-01-22T13:29:47+00:00","author":{"@id":"https:\/\/monzon.salesianos.edu\/colegio\/#\/schema\/person\/1cf23e390fdfcec5df68ee2f86e0ee2d"},"description":"alumnos del CF GM Gesti\u00f3n Administrativa del Colegio Salesiano Santo Domingo Savio participaron en la Feria Aragonesa de Empresas Simulada","breadcrumb":{"@id":"https:\/\/monzon.salesianos.edu\/colegio\/salesianos-monzon-participa-en-la-xii-feria-aragonesa-de-empresas-simuladas-en-sabinanigo\/#breadcrumb"},"inLanguage":"es","potentialAction":[{"@type":"ReadAction","target":["https:\/\/monzon.salesianos.edu\/colegio\/salesianos-monzon-participa-en-la-xii-feria-aragonesa-de-empresas-simuladas-en-sabinanigo\/"]}]},{"@type":"ImageObject","inLanguage":"es","@id":"https:\/\/monzon.salesianos.edu\/colegio\/salesianos-monzon-participa-en-la-xii-feria-aragonesa-de-empresas-simuladas-en-sabinanigo\/#primaryimage","url":"https:\/\/monzon.salesianos.edu\/colegio\/wp-content\/uploads\/sites\/2\/2026\/01\/portada-simulacion-empresas-administrativos.jpeg","contentUrl":"https:\/\/monzon.salesianos.edu\/colegio\/wp-content\/uploads\/sites\/2\/2026\/01\/portada-simulacion-empresas-administrativos.jpeg","width":1649,"height":926},{"@type":"BreadcrumbList","@id":"https:\/\/monzon.salesianos.edu\/colegio\/salesianos-monzon-participa-en-la-xii-feria-aragonesa-de-empresas-simuladas-en-sabinanigo\/#breadcrumb","itemListElement":[{"@type":"ListItem","position":1,"name":"Portada","item":"https:\/\/monzon.salesianos.edu\/colegio\/"},{"@type":"ListItem","position":2,"name":"Salesianos Monz\u00f3n participa en la XII Feria Aragonesa de Empresas Simuladas en Sabi\u00f1\u00e1nigo"}]},{"@type":"WebSite","@id":"https:\/\/monzon.salesianos.edu\/colegio\/#website","url":"https:\/\/monzon.salesianos.edu\/colegio\/","name":"Colegio Santo Domingo Savio","description":"P\u00e1gina oficial Salesianos Monz\u00f3n","potentialAction":[{"@type":"SearchAction","target":{"@type":"EntryPoint","urlTemplate":"https:\/\/monzon.salesianos.edu\/colegio\/?s={search_term_string}"},"query-input":{"@type":"PropertyValueSpecification","valueRequired":true,"valueName":"search_term_string"}}],"inLanguage":"es"},{"@type":"Person","@id":"https:\/\/monzon.salesianos.edu\/colegio\/#\/schema\/person\/1cf23e390fdfcec5df68ee2f86e0ee2d","name":"danielmeler","image":{"@type":"ImageObject","inLanguage":"es","@id":"https:\/\/secure.gravatar.com\/avatar\/97a450d3b1e626ca68b8eba8d85faf291574499c72c9d77870c46aa8bd969acd?s=96&d=mm&r=g","url":"https:\/\/secure.gravatar.com\/avatar\/97a450d3b1e626ca68b8eba8d85faf291574499c72c9d77870c46aa8bd969acd?s=96&d=mm&r=g","contentUrl":"https:\/\/secure.gravatar.com\/avatar\/97a450d3b1e626ca68b8eba8d85faf291574499c72c9d77870c46aa8bd969acd?s=96&d=mm&r=g","caption":"danielmeler"}}]}},"_links":{"self":[{"href":"https:\/\/monzon.salesianos.edu\/colegio\/wp-json\/wp\/v2\/posts\/12909","targetHints":{"allow":["GET"]}}],"collection":[{"href":"https:\/\/monzon.salesianos.edu\/colegio\/wp-json\/wp\/v2\/posts"}],"about":[{"href":"https:\/\/monzon.salesianos.edu\/colegio\/wp-json\/wp\/v2\/types\/post"}],"author":[{"embeddable":true,"href":"https:\/\/monzon.salesianos.edu\/colegio\/wp-json\/wp\/v2\/users\/8"}],"replies":[{"embeddable":true,"href":"https:\/\/monzon.salesianos.edu\/colegio\/wp-json\/wp\/v2\/comments?post=12909"}],"version-history":[{"count":1,"href":"https:\/\/monzon.salesianos.edu\/colegio\/wp-json\/wp\/v2\/posts\/12909\/revisions"}],"predecessor-version":[{"id":12926,"href":"https:\/\/monzon.salesianos.edu\/colegio\/wp-json\/wp\/v2\/posts\/12909\/revisions\/12926"}],"wp:featuredmedia":[{"embeddable":true,"href":"https:\/\/monzon.salesianos.edu\/colegio\/wp-json\/wp\/v2\/media\/12910"}],"wp:attachment":[{"href":"https:\/\/monzon.salesianos.edu\/colegio\/wp-json\/wp\/v2\/media?parent=12909"}],"wp:term":[{"taxonomy":"category","embeddable":true,"href":"https:\/\/monzon.salesianos.edu\/colegio\/wp-json\/wp\/v2\/categories?post=12909"},{"taxonomy":"post_tag","embeddable":true,"href":"https:\/\/monzon.salesianos.edu\/colegio\/wp-json\/wp\/v2\/tags?post=12909"}],"curies":[{"name":"wp","href":"https:\/\/api.w.org\/{rel}","templated":true}]}}