{"id":12696,"date":"2025-01-16T10:02:29","date_gmt":"2025-01-16T09:02:29","guid":{"rendered":"https:\/\/monzon.salesianos.edu\/colegio\/bases-del-concurso-de-carteles-anunciadores-de-don-bosco-2025\/"},"modified":"2025-01-16T10:02:29","modified_gmt":"2025-01-16T09:02:29","slug":"bases-del-concurso-de-carteles-anunciadores-de-don-bosco-2025","status":"publish","type":"post","link":"https:\/\/monzon.salesianos.edu\/colegio\/bases-del-concurso-de-carteles-anunciadores-de-don-bosco-2025\/","title":{"rendered":"Bases del concurso de carteles anunciadores de Don Bosco 2025"},"content":{"rendered":"<p>[et_pb_section fb_built=\u00bb1&#8243; admin_label=\u00bbsection\u00bb _builder_version=\u00bb4.16&#8243; global_colors_info=\u00bb{}\u00bb theme_builder_area=\u00bbpost_content\u00bb][et_pb_row admin_label=\u00bbrow\u00bb _builder_version=\u00bb4.16&#8243; background_size=\u00bbinitial\u00bb background_position=\u00bbtop_left\u00bb background_repeat=\u00bbrepeat\u00bb global_colors_info=\u00bb{}\u00bb theme_builder_area=\u00bbpost_content\u00bb][et_pb_column type=\u00bb4_4&#8243; _builder_version=\u00bb4.16&#8243; custom_padding=\u00bb|||\u00bb global_colors_info=\u00bb{}\u00bb custom_padding__hover=\u00bb|||\u00bb theme_builder_area=\u00bbpost_content\u00bb][et_pb_text admin_label=\u00bbEntradilla (Texto)\u00bb _builder_version=\u00bb4.23.1&#8243; text_font=\u00bb|on|||\u00bb text_orientation=\u00bbjustified\u00bb border_style=\u00bbsolid\u00bb global_colors_info=\u00bb{}\u00bb theme_builder_area=\u00bbpost_content\u00bb]<\/p>\n<h2>BASES CONCURSO DE CARTELES ANUNCIADORES DE DON BOSCO 2024<\/h2>\n<p>[\/et_pb_text][et_pb_text admin_label=\u00bbDesarrollo (Texto)\u00bb _builder_version=\u00bb4.27.4&#8243; text_orientation=\u00bbjustified\u00bb hover_enabled=\u00bb0&#8243; border_style=\u00bbsolid\u00bb global_colors_info=\u00bb{}\u00bb theme_builder_area=\u00bbpost_content\u00bb sticky_enabled=\u00bb0&#8243;]<\/p>\n<h1>Primera.- Participantes.<\/h1>\n<p>Podr\u00e1n participar en el concurso todos los alumn@s que est\u00e9n interesados en<br \/>el mismo.<\/p>\n<h1>Segunda.- Tema, caracter\u00edsticas t\u00e9cnicas, rotulaci\u00f3n y lema.<\/h1>\n<p><strong>A.- Tema:<\/strong><br \/>El asunto de las obras deber\u00e1 tener en cuenta la fiesta de Don Bosco de<br \/>2025.<br \/>Los trabajos han de ser originales e in\u00e9ditos, no habiendo sido presentados en<br \/>otros concursos y que no supongan en todo o en parte, copia o plagio de obras<br \/>publicadas propias o de otros artistas. Los autores ser\u00e1n responsables, ante el<br \/>Colegio y frente a terceros, del cumplimiento de lo establecido en estas bases.<\/p>\n<p><strong>B.- Caracter\u00edsticas t\u00e9cnicas:<\/strong><br \/>Ser\u00e1n en formato DIN A4 de concepci\u00f3n y t\u00e9cnicas libres, siempre que sea<br \/>posible su reproducci\u00f3n.<br \/>Si el cartel est\u00e1 en formato digital se debe enviar al correo electr\u00f3nico<br \/>concursos@monzon.salesianos.org con asunto: Cartel Don Bosco 2025 y en el<br \/>mensaje poner el nombre y apellidos del autor y el n\u00famero de tel\u00e9fono.<\/p>\n<p>(Los autores ganadores que hubieran presentado su propuesta en formato<br \/>digital, deber\u00e1n aportar posteriormente en el correspondiente soporte digital<br \/>todos los ficheros necesarios para la correcta impresi\u00f3n de su cartel.<br \/>La no aportaci\u00f3n de la documentaci\u00f3n necesaria para la correcta impresi\u00f3n<br \/>dar\u00e1 origen a la descalificaci\u00f3n.)<\/p>\n<p><strong>C.- Rotulaci\u00f3n:<\/strong><br \/>Los carteles contendr\u00e1n la siguiente leyenda:<br \/><em>a) FIESTA DE DON BOSCO<\/em><br \/><em>b) 31 de enero<\/em><br \/><em>c) \u201cSomos futuro\u201d<\/em><br \/><em>d) Salesianos Monz\u00f3n.<\/em><br \/>Cada concursante podr\u00e1 presentar un trabajo como m\u00e1ximo<\/p>\n<h1>Tercera.- Premios.<\/h1>\n<p>Se establecen los siguientes premios:<br \/>&#8211; Primer clasificado<\/p>\n<h1>Cuarta.- Presentaci\u00f3n.<\/h1>\n<p>El plazo finalizar\u00e1 el d\u00eda mi\u00e9rcoles 22 de enero de 2025, a las 14\u201930 horas.<br \/>Los trabajos se presentar\u00e1n en la secretar\u00eda del Colegio, en d\u00edas h\u00e1biles de<br \/>9\u201900 a 14\u201925 horas.<\/p>\n<p>Se presentar\u00e1n junto con un sobre peque\u00f1o cerrado por cada cartel, el sobre<br \/>contendr\u00e1 el nombre y apellidos del autor del trabajo, domicilio y tel\u00e9fono<br \/>(importante no olvidar poner tel\u00e9fono de contacto).<br \/>Trabajos y sobres deber\u00e1n estar unidos con un clip o celo.<\/p>\n<h1>Quinta.- Jurado.<\/h1>\n<p>1.- La selecci\u00f3n y concesi\u00f3n de los premios del Concurso, se realizar\u00e1 a<br \/>propuesta de un Jurado nombrado por el Colegio Santo Domingo Savio de<br \/>Monz\u00f3n<br \/>2.- Se considerar\u00e1 v\u00e1lidamente constituido el Jurado cuando asistan m\u00e1s del<br \/>80% de los convocados. El Jurado podr\u00e1 establecer los procedimientos que<br \/>considere convenientes en orden a regular los procesos de deliberaci\u00f3n y<br \/>reuni\u00f3n.<br \/>3.-El Jurado, para formular su propuesta de concesi\u00f3n de premios, valorar\u00e1,<br \/>adem\u00e1s de la concepci\u00f3n, su calidad gr\u00e1fica o pl\u00e1stica, su eficacia anunciadora<br \/>o informativa y sus condiciones de reproducci\u00f3n.<br \/>4.- El Jurado seleccionar\u00e1 1 obra como finalista.<br \/>5.- Las decisiones del Jurado ser\u00e1n, en todo caso, inapelables. Los<br \/>concursantes, por el mero hecho de participar en este concurso, renuncian<br \/>expresamente al ejercicio de todo tipo de reclamaciones contra las<br \/>resoluciones de aqu\u00e9l.<br \/>6.- La decisi\u00f3n del Jurado se har\u00e1 p\u00fablica, junto con los nombres de las<br \/>personas que lo compongan, en la p\u00e1gina web del Colegio.<\/p>\n<h1>Sexta.- Trabajos premiados.<\/h1>\n<p>1.- El trabajo premiado quedar\u00e1 en propiedad en exclusiva del Colegio,<br \/>pudiendo ser reproducido para anunciar las fiestas que tratan de anunciar y<br \/>hacer de ello el uso promocional de las mismas que estime conveniente, con<br \/>menci\u00f3n de su autor o autores.<br \/>2.- El Colegio queda facultado para introducir alguna modificaci\u00f3n en los<br \/>carteles premiados si existiera alguna dificultad t\u00e9cnica para su impresi\u00f3n o<br \/>para introducir alg\u00fan texto o logotipo que no figure inicialmente en estas bases.<\/p>\n<h1>S\u00e9ptima.- Trabajos no premiados.<\/h1>\n<p>1.- Los trabajos no premiados podr\u00e1n ser recogidos, dentro de los 30 d\u00edas<br \/>siguientes a la resoluci\u00f3n del Concurso en secretar\u00eda.<\/p>\n<p>2.- Si en el plazo indicado no se hubieran retirado, se entender\u00e1 que sus<br \/>autores renuncian a su propiedad a favor del Colegio.<\/p>\n<h1>Octava.- Normas finales.<\/h1>\n<p>1.- El hecho de participar en el concurso implica el conocimiento y aceptaci\u00f3n<br \/>por todos los concursantes de las presentes bases; motivo por el cual no<br \/>podr\u00e1n impugnarlas una vez formalizada la presentaci\u00f3n.<br \/>2.- Los \u00f3rganos competentes, en cada caso, quedar\u00e1n facultados para<br \/>resolver las dudas que se presenten y tomar los acuerdos necesarios para el<br \/>buen orden del concurso, en todo lo no previsto en estas Bases.<\/p>\n<p>Monz\u00f3n, a 14 de Diciembre de 2025.<\/p>\n<p>[\/et_pb_text][et_pb_text disabled_on=\u00bbon|on|on\u00bb admin_label=\u00bbT\u00edtulo: Galer\u00eda de fotos (Texto)\u00bb _builder_version=\u00bb4.16&#8243; text_font=\u00bb|on|||\u00bb text_text_color=\u00bb#dc001b\u00bb border_style=\u00bbsolid\u00bb disabled=\u00bbon\u00bb global_colors_info=\u00bb{}\u00bb theme_builder_area=\u00bbpost_content\u00bb]Galer\u00eda de im\u00e1genes<br \/>\n[\/et_pb_text][et_pb_gallery posts_number=\u00bb8&#8243; show_title_and_caption=\u00bboff\u00bb zoom_icon_color=\u00bb#dc001b\u00bb hover_icon=\u00bb&#x54;||divi||400&#8243; disabled_on=\u00bbon|on|on\u00bb admin_label=\u00bbGaler\u00eda\u00bb _builder_version=\u00bb4.16&#8243; border_style=\u00bbsolid\u00bb disabled=\u00bbon\u00bb global_colors_info=\u00bb{}\u00bb theme_builder_area=\u00bbpost_content\u00bb][\/et_pb_gallery][et_pb_video disabled_on=\u00bbon|on|on\u00bb admin_label=\u00bbV\u00eddeo\u00bb _builder_version=\u00bb4.16&#8243; disabled=\u00bbon\u00bb global_colors_info=\u00bb{}\u00bb theme_builder_area=\u00bbpost_content\u00bb][\/et_pb_video][\/et_pb_column][\/et_pb_row][\/et_pb_section]<\/p>\n","protected":false},"excerpt":{"rendered":"<p>BASES CONCURSO DE CARTELES ANUNCIADORES DE DON BOSCO 2024Primera.- Participantes. Podr\u00e1n participar en el concurso todos los alumn@s que est\u00e9n interesados enel mismo. Segunda.- Tema, caracter\u00edsticas t\u00e9cnicas, rotulaci\u00f3n y lema. A.- Tema:El asunto de las obras deber\u00e1 tener en cuenta la fiesta de Don Bosco de2025.Los trabajos han de ser originales e in\u00e9ditos, no habiendo [&hellip;]<\/p>\n","protected":false},"author":8,"featured_media":12697,"comment_status":"open","ping_status":"open","sticky":false,"template":"","format":"standard","meta":{"_et_pb_use_builder":"on","_et_pb_old_content":"","_et_gb_content_width":"","footnotes":""},"categories":[29,10,25],"tags":[],"class_list":["post-12696","post","type-post","status-publish","format-standard","has-post-thumbnail","hentry","category-ampa","category-colegio","category-familia-salesiana"],"yoast_head":"<!-- This site is optimized with the Yoast SEO plugin v28.4 - https:\/\/yoast.com\/product\/yoast-seo-wordpress\/ -->\n<title>Bases del concurso de carteles anunciadores de Don Bosco 2025 - Colegio Santo Domingo Savio<\/title>\n<meta name=\"robots\" content=\"index, follow, max-snippet:-1, max-image-preview:large, max-video-preview:-1\" \/>\n<link rel=\"canonical\" href=\"https:\/\/monzon.salesianos.edu\/colegio\/bases-del-concurso-de-carteles-anunciadores-de-don-bosco-2025\/\" \/>\n<meta property=\"og:locale\" content=\"es_ES\" \/>\n<meta property=\"og:type\" content=\"article\" \/>\n<meta property=\"og:title\" content=\"Bases del concurso de carteles anunciadores de Don Bosco 2025 - Colegio Santo Domingo Savio\" \/>\n<meta property=\"og:description\" content=\"BASES CONCURSO DE CARTELES ANUNCIADORES DE DON BOSCO 2024Primera.- Participantes. Podr\u00e1n participar en el concurso todos los alumn@s que est\u00e9n interesados enel mismo. Segunda.- Tema, caracter\u00edsticas t\u00e9cnicas, rotulaci\u00f3n y lema. A.- Tema:El asunto de las obras deber\u00e1 tener en cuenta la fiesta de Don Bosco de2025.Los trabajos han de ser originales e in\u00e9ditos, no habiendo [&hellip;]\" \/>\n<meta property=\"og:url\" content=\"https:\/\/monzon.salesianos.edu\/colegio\/bases-del-concurso-de-carteles-anunciadores-de-don-bosco-2025\/\" \/>\n<meta property=\"og:site_name\" content=\"Colegio Santo Domingo Savio\" \/>\n<meta property=\"article:published_time\" content=\"2025-01-16T09:02:29+00:00\" \/>\n<meta property=\"og:image\" content=\"https:\/\/monzon.salesianos.edu\/colegio\/wp-content\/uploads\/sites\/2\/2025\/01\/PORTADA-CARTE-DBOSCO-1.png\" \/>\n\t<meta property=\"og:image:width\" content=\"1649\" \/>\n\t<meta property=\"og:image:height\" content=\"926\" \/>\n\t<meta property=\"og:image:type\" content=\"image\/png\" \/>\n<meta name=\"author\" content=\"danielmeler\" \/>\n<meta name=\"twitter:card\" content=\"summary_large_image\" \/>\n<meta name=\"twitter:label1\" content=\"Escrito por\" \/>\n\t<meta name=\"twitter:data1\" content=\"danielmeler\" \/>\n\t<meta name=\"twitter:label2\" content=\"Tiempo de lectura\" \/>\n\t<meta name=\"twitter:data2\" content=\"4 minutos\" \/>\n<script type=\"application\/ld+json\" class=\"yoast-schema-graph\">{\"@context\":\"https:\\\/\\\/schema.org\",\"@graph\":[{\"@type\":\"Article\",\"@id\":\"https:\\\/\\\/monzon.salesianos.edu\\\/colegio\\\/bases-del-concurso-de-carteles-anunciadores-de-don-bosco-2025\\\/#article\",\"isPartOf\":{\"@id\":\"https:\\\/\\\/monzon.salesianos.edu\\\/colegio\\\/bases-del-concurso-de-carteles-anunciadores-de-don-bosco-2025\\\/\"},\"author\":{\"name\":\"danielmeler\",\"@id\":\"https:\\\/\\\/monzon.salesianos.edu\\\/colegio\\\/#\\\/schema\\\/person\\\/1cf23e390fdfcec5df68ee2f86e0ee2d\"},\"headline\":\"Bases del concurso de carteles anunciadores de Don Bosco 2025\",\"datePublished\":\"2025-01-16T09:02:29+00:00\",\"mainEntityOfPage\":{\"@id\":\"https:\\\/\\\/monzon.salesianos.edu\\\/colegio\\\/bases-del-concurso-de-carteles-anunciadores-de-don-bosco-2025\\\/\"},\"wordCount\":991,\"commentCount\":0,\"image\":{\"@id\":\"https:\\\/\\\/monzon.salesianos.edu\\\/colegio\\\/bases-del-concurso-de-carteles-anunciadores-de-don-bosco-2025\\\/#primaryimage\"},\"thumbnailUrl\":\"https:\\\/\\\/monzon.salesianos.edu\\\/colegio\\\/wp-content\\\/uploads\\\/sites\\\/2\\\/2025\\\/01\\\/PORTADA-CARTE-DBOSCO-1.png\",\"articleSection\":[\"AMPA\",\"Colegio\",\"Familia Salesiana\"],\"inLanguage\":\"es\",\"potentialAction\":[{\"@type\":\"CommentAction\",\"name\":\"Comment\",\"target\":[\"https:\\\/\\\/monzon.salesianos.edu\\\/colegio\\\/bases-del-concurso-de-carteles-anunciadores-de-don-bosco-2025\\\/#respond\"]}]},{\"@type\":\"WebPage\",\"@id\":\"https:\\\/\\\/monzon.salesianos.edu\\\/colegio\\\/bases-del-concurso-de-carteles-anunciadores-de-don-bosco-2025\\\/\",\"url\":\"https:\\\/\\\/monzon.salesianos.edu\\\/colegio\\\/bases-del-concurso-de-carteles-anunciadores-de-don-bosco-2025\\\/\",\"name\":\"Bases del concurso de carteles anunciadores de Don Bosco 2025 - Colegio Santo Domingo Savio\",\"isPartOf\":{\"@id\":\"https:\\\/\\\/monzon.salesianos.edu\\\/colegio\\\/#website\"},\"primaryImageOfPage\":{\"@id\":\"https:\\\/\\\/monzon.salesianos.edu\\\/colegio\\\/bases-del-concurso-de-carteles-anunciadores-de-don-bosco-2025\\\/#primaryimage\"},\"image\":{\"@id\":\"https:\\\/\\\/monzon.salesianos.edu\\\/colegio\\\/bases-del-concurso-de-carteles-anunciadores-de-don-bosco-2025\\\/#primaryimage\"},\"thumbnailUrl\":\"https:\\\/\\\/monzon.salesianos.edu\\\/colegio\\\/wp-content\\\/uploads\\\/sites\\\/2\\\/2025\\\/01\\\/PORTADA-CARTE-DBOSCO-1.png\",\"datePublished\":\"2025-01-16T09:02:29+00:00\",\"author\":{\"@id\":\"https:\\\/\\\/monzon.salesianos.edu\\\/colegio\\\/#\\\/schema\\\/person\\\/1cf23e390fdfcec5df68ee2f86e0ee2d\"},\"breadcrumb\":{\"@id\":\"https:\\\/\\\/monzon.salesianos.edu\\\/colegio\\\/bases-del-concurso-de-carteles-anunciadores-de-don-bosco-2025\\\/#breadcrumb\"},\"inLanguage\":\"es\",\"potentialAction\":[{\"@type\":\"ReadAction\",\"target\":[\"https:\\\/\\\/monzon.salesianos.edu\\\/colegio\\\/bases-del-concurso-de-carteles-anunciadores-de-don-bosco-2025\\\/\"]}]},{\"@type\":\"ImageObject\",\"inLanguage\":\"es\",\"@id\":\"https:\\\/\\\/monzon.salesianos.edu\\\/colegio\\\/bases-del-concurso-de-carteles-anunciadores-de-don-bosco-2025\\\/#primaryimage\",\"url\":\"https:\\\/\\\/monzon.salesianos.edu\\\/colegio\\\/wp-content\\\/uploads\\\/sites\\\/2\\\/2025\\\/01\\\/PORTADA-CARTE-DBOSCO-1.png\",\"contentUrl\":\"https:\\\/\\\/monzon.salesianos.edu\\\/colegio\\\/wp-content\\\/uploads\\\/sites\\\/2\\\/2025\\\/01\\\/PORTADA-CARTE-DBOSCO-1.png\",\"width\":1649,\"height\":926},{\"@type\":\"BreadcrumbList\",\"@id\":\"https:\\\/\\\/monzon.salesianos.edu\\\/colegio\\\/bases-del-concurso-de-carteles-anunciadores-de-don-bosco-2025\\\/#breadcrumb\",\"itemListElement\":[{\"@type\":\"ListItem\",\"position\":1,\"name\":\"Portada\",\"item\":\"https:\\\/\\\/monzon.salesianos.edu\\\/colegio\\\/\"},{\"@type\":\"ListItem\",\"position\":2,\"name\":\"Bases del concurso de carteles anunciadores de Don Bosco 2025\"}]},{\"@type\":\"WebSite\",\"@id\":\"https:\\\/\\\/monzon.salesianos.edu\\\/colegio\\\/#website\",\"url\":\"https:\\\/\\\/monzon.salesianos.edu\\\/colegio\\\/\",\"name\":\"Colegio Santo Domingo Savio\",\"description\":\"P\u00e1gina oficial Salesianos Monz\u00f3n\",\"potentialAction\":[{\"@type\":\"SearchAction\",\"target\":{\"@type\":\"EntryPoint\",\"urlTemplate\":\"https:\\\/\\\/monzon.salesianos.edu\\\/colegio\\\/?s={search_term_string}\"},\"query-input\":{\"@type\":\"PropertyValueSpecification\",\"valueRequired\":true,\"valueName\":\"search_term_string\"}}],\"inLanguage\":\"es\"},{\"@type\":\"Person\",\"@id\":\"https:\\\/\\\/monzon.salesianos.edu\\\/colegio\\\/#\\\/schema\\\/person\\\/1cf23e390fdfcec5df68ee2f86e0ee2d\",\"name\":\"danielmeler\",\"image\":{\"@type\":\"ImageObject\",\"inLanguage\":\"es\",\"@id\":\"https:\\\/\\\/secure.gravatar.com\\\/avatar\\\/97a450d3b1e626ca68b8eba8d85faf291574499c72c9d77870c46aa8bd969acd?s=96&d=mm&r=g\",\"url\":\"https:\\\/\\\/secure.gravatar.com\\\/avatar\\\/97a450d3b1e626ca68b8eba8d85faf291574499c72c9d77870c46aa8bd969acd?s=96&d=mm&r=g\",\"contentUrl\":\"https:\\\/\\\/secure.gravatar.com\\\/avatar\\\/97a450d3b1e626ca68b8eba8d85faf291574499c72c9d77870c46aa8bd969acd?s=96&d=mm&r=g\",\"caption\":\"danielmeler\"}}]}<\/script>\n<!-- \/ Yoast SEO plugin. -->","yoast_head_json":{"title":"Bases del concurso de carteles anunciadores de Don Bosco 2025 - Colegio Santo Domingo Savio","robots":{"index":"index","follow":"follow","max-snippet":"max-snippet:-1","max-image-preview":"max-image-preview:large","max-video-preview":"max-video-preview:-1"},"canonical":"https:\/\/monzon.salesianos.edu\/colegio\/bases-del-concurso-de-carteles-anunciadores-de-don-bosco-2025\/","og_locale":"es_ES","og_type":"article","og_title":"Bases del concurso de carteles anunciadores de Don Bosco 2025 - Colegio Santo Domingo Savio","og_description":"BASES CONCURSO DE CARTELES ANUNCIADORES DE DON BOSCO 2024Primera.- Participantes. Podr\u00e1n participar en el concurso todos los alumn@s que est\u00e9n interesados enel mismo. Segunda.- Tema, caracter\u00edsticas t\u00e9cnicas, rotulaci\u00f3n y lema. A.- Tema:El asunto de las obras deber\u00e1 tener en cuenta la fiesta de Don Bosco de2025.Los trabajos han de ser originales e in\u00e9ditos, no habiendo [&hellip;]","og_url":"https:\/\/monzon.salesianos.edu\/colegio\/bases-del-concurso-de-carteles-anunciadores-de-don-bosco-2025\/","og_site_name":"Colegio Santo Domingo Savio","article_published_time":"2025-01-16T09:02:29+00:00","og_image":[{"width":1649,"height":926,"url":"https:\/\/monzon.salesianos.edu\/colegio\/wp-content\/uploads\/sites\/2\/2025\/01\/PORTADA-CARTE-DBOSCO-1.png","type":"image\/png"}],"author":"danielmeler","twitter_card":"summary_large_image","twitter_misc":{"Escrito por":"danielmeler","Tiempo de lectura":"4 minutos"},"schema":{"@context":"https:\/\/schema.org","@graph":[{"@type":"Article","@id":"https:\/\/monzon.salesianos.edu\/colegio\/bases-del-concurso-de-carteles-anunciadores-de-don-bosco-2025\/#article","isPartOf":{"@id":"https:\/\/monzon.salesianos.edu\/colegio\/bases-del-concurso-de-carteles-anunciadores-de-don-bosco-2025\/"},"author":{"name":"danielmeler","@id":"https:\/\/monzon.salesianos.edu\/colegio\/#\/schema\/person\/1cf23e390fdfcec5df68ee2f86e0ee2d"},"headline":"Bases del concurso de carteles anunciadores de Don Bosco 2025","datePublished":"2025-01-16T09:02:29+00:00","mainEntityOfPage":{"@id":"https:\/\/monzon.salesianos.edu\/colegio\/bases-del-concurso-de-carteles-anunciadores-de-don-bosco-2025\/"},"wordCount":991,"commentCount":0,"image":{"@id":"https:\/\/monzon.salesianos.edu\/colegio\/bases-del-concurso-de-carteles-anunciadores-de-don-bosco-2025\/#primaryimage"},"thumbnailUrl":"https:\/\/monzon.salesianos.edu\/colegio\/wp-content\/uploads\/sites\/2\/2025\/01\/PORTADA-CARTE-DBOSCO-1.png","articleSection":["AMPA","Colegio","Familia Salesiana"],"inLanguage":"es","potentialAction":[{"@type":"CommentAction","name":"Comment","target":["https:\/\/monzon.salesianos.edu\/colegio\/bases-del-concurso-de-carteles-anunciadores-de-don-bosco-2025\/#respond"]}]},{"@type":"WebPage","@id":"https:\/\/monzon.salesianos.edu\/colegio\/bases-del-concurso-de-carteles-anunciadores-de-don-bosco-2025\/","url":"https:\/\/monzon.salesianos.edu\/colegio\/bases-del-concurso-de-carteles-anunciadores-de-don-bosco-2025\/","name":"Bases del concurso de carteles anunciadores de Don Bosco 2025 - Colegio Santo Domingo Savio","isPartOf":{"@id":"https:\/\/monzon.salesianos.edu\/colegio\/#website"},"primaryImageOfPage":{"@id":"https:\/\/monzon.salesianos.edu\/colegio\/bases-del-concurso-de-carteles-anunciadores-de-don-bosco-2025\/#primaryimage"},"image":{"@id":"https:\/\/monzon.salesianos.edu\/colegio\/bases-del-concurso-de-carteles-anunciadores-de-don-bosco-2025\/#primaryimage"},"thumbnailUrl":"https:\/\/monzon.salesianos.edu\/colegio\/wp-content\/uploads\/sites\/2\/2025\/01\/PORTADA-CARTE-DBOSCO-1.png","datePublished":"2025-01-16T09:02:29+00:00","author":{"@id":"https:\/\/monzon.salesianos.edu\/colegio\/#\/schema\/person\/1cf23e390fdfcec5df68ee2f86e0ee2d"},"breadcrumb":{"@id":"https:\/\/monzon.salesianos.edu\/colegio\/bases-del-concurso-de-carteles-anunciadores-de-don-bosco-2025\/#breadcrumb"},"inLanguage":"es","potentialAction":[{"@type":"ReadAction","target":["https:\/\/monzon.salesianos.edu\/colegio\/bases-del-concurso-de-carteles-anunciadores-de-don-bosco-2025\/"]}]},{"@type":"ImageObject","inLanguage":"es","@id":"https:\/\/monzon.salesianos.edu\/colegio\/bases-del-concurso-de-carteles-anunciadores-de-don-bosco-2025\/#primaryimage","url":"https:\/\/monzon.salesianos.edu\/colegio\/wp-content\/uploads\/sites\/2\/2025\/01\/PORTADA-CARTE-DBOSCO-1.png","contentUrl":"https:\/\/monzon.salesianos.edu\/colegio\/wp-content\/uploads\/sites\/2\/2025\/01\/PORTADA-CARTE-DBOSCO-1.png","width":1649,"height":926},{"@type":"BreadcrumbList","@id":"https:\/\/monzon.salesianos.edu\/colegio\/bases-del-concurso-de-carteles-anunciadores-de-don-bosco-2025\/#breadcrumb","itemListElement":[{"@type":"ListItem","position":1,"name":"Portada","item":"https:\/\/monzon.salesianos.edu\/colegio\/"},{"@type":"ListItem","position":2,"name":"Bases del concurso de carteles anunciadores de Don Bosco 2025"}]},{"@type":"WebSite","@id":"https:\/\/monzon.salesianos.edu\/colegio\/#website","url":"https:\/\/monzon.salesianos.edu\/colegio\/","name":"Colegio Santo Domingo Savio","description":"P\u00e1gina oficial Salesianos Monz\u00f3n","potentialAction":[{"@type":"SearchAction","target":{"@type":"EntryPoint","urlTemplate":"https:\/\/monzon.salesianos.edu\/colegio\/?s={search_term_string}"},"query-input":{"@type":"PropertyValueSpecification","valueRequired":true,"valueName":"search_term_string"}}],"inLanguage":"es"},{"@type":"Person","@id":"https:\/\/monzon.salesianos.edu\/colegio\/#\/schema\/person\/1cf23e390fdfcec5df68ee2f86e0ee2d","name":"danielmeler","image":{"@type":"ImageObject","inLanguage":"es","@id":"https:\/\/secure.gravatar.com\/avatar\/97a450d3b1e626ca68b8eba8d85faf291574499c72c9d77870c46aa8bd969acd?s=96&d=mm&r=g","url":"https:\/\/secure.gravatar.com\/avatar\/97a450d3b1e626ca68b8eba8d85faf291574499c72c9d77870c46aa8bd969acd?s=96&d=mm&r=g","contentUrl":"https:\/\/secure.gravatar.com\/avatar\/97a450d3b1e626ca68b8eba8d85faf291574499c72c9d77870c46aa8bd969acd?s=96&d=mm&r=g","caption":"danielmeler"}}]}},"_links":{"self":[{"href":"https:\/\/monzon.salesianos.edu\/colegio\/wp-json\/wp\/v2\/posts\/12696","targetHints":{"allow":["GET"]}}],"collection":[{"href":"https:\/\/monzon.salesianos.edu\/colegio\/wp-json\/wp\/v2\/posts"}],"about":[{"href":"https:\/\/monzon.salesianos.edu\/colegio\/wp-json\/wp\/v2\/types\/post"}],"author":[{"embeddable":true,"href":"https:\/\/monzon.salesianos.edu\/colegio\/wp-json\/wp\/v2\/users\/8"}],"replies":[{"embeddable":true,"href":"https:\/\/monzon.salesianos.edu\/colegio\/wp-json\/wp\/v2\/comments?post=12696"}],"version-history":[{"count":0,"href":"https:\/\/monzon.salesianos.edu\/colegio\/wp-json\/wp\/v2\/posts\/12696\/revisions"}],"wp:featuredmedia":[{"embeddable":true,"href":"https:\/\/monzon.salesianos.edu\/colegio\/wp-json\/wp\/v2\/media\/12697"}],"wp:attachment":[{"href":"https:\/\/monzon.salesianos.edu\/colegio\/wp-json\/wp\/v2\/media?parent=12696"}],"wp:term":[{"taxonomy":"category","embeddable":true,"href":"https:\/\/monzon.salesianos.edu\/colegio\/wp-json\/wp\/v2\/categories?post=12696"},{"taxonomy":"post_tag","embeddable":true,"href":"https:\/\/monzon.salesianos.edu\/colegio\/wp-json\/wp\/v2\/tags?post=12696"}],"curies":[{"name":"wp","href":"https:\/\/api.w.org\/{rel}","templated":true}]}}