{"id":12122,"date":"2024-03-13T21:25:30","date_gmt":"2024-03-13T20:25:30","guid":{"rendered":"https:\/\/monzon.salesianos.edu\/colegio\/emotiva-presentacion-del-libro-preguntar-para-preguntarse-del-sacerdote-salesiano-josan-montull\/"},"modified":"2024-03-13T21:29:16","modified_gmt":"2024-03-13T20:29:16","slug":"emotiva-presentacion-del-libro-preguntar-para-preguntarse-del-sacerdote-salesiano-josan-montull","status":"publish","type":"post","link":"https:\/\/monzon.salesianos.edu\/colegio\/emotiva-presentacion-del-libro-preguntar-para-preguntarse-del-sacerdote-salesiano-josan-montull\/","title":{"rendered":"Presentaci\u00f3n de libro \u00abPreguntar para preguntarse\u00bb, escrito por Josan Montull"},"content":{"rendered":"<p>[et_pb_section fb_built=\u00bb1&#8243; admin_label=\u00bbsection\u00bb _builder_version=\u00bb4.16&#8243; global_colors_info=\u00bb{}\u00bb][et_pb_row admin_label=\u00bbrow\u00bb _builder_version=\u00bb4.16&#8243; background_size=\u00bbinitial\u00bb background_position=\u00bbtop_left\u00bb background_repeat=\u00bbrepeat\u00bb global_colors_info=\u00bb{}\u00bb][et_pb_column type=\u00bb4_4&#8243; _builder_version=\u00bb4.16&#8243; custom_padding=\u00bb|||\u00bb global_colors_info=\u00bb{}\u00bb custom_padding__hover=\u00bb|||\u00bb][et_pb_text admin_label=\u00bbEntradilla (Texto)\u00bb _builder_version=\u00bb4.24.2&#8243; text_font=\u00bb|on|||\u00bb text_orientation=\u00bbjustified\u00bb border_style=\u00bbsolid\u00bb global_colors_info=\u00bb{}\u00bb]<\/p>\n<h1><strong>Emotiva presentaci\u00f3n del libro <em>Preguntar para preguntarse, <\/em>del sacerdote salesiano Josan Montull<\/strong><\/h1>\n<p>[\/et_pb_text][et_pb_text admin_label=\u00bbAutor (Texto)\u00bb _builder_version=\u00bb4.24.2&#8243; text_font=\u00bb||on||\u00bb border_style=\u00bbsolid\u00bb global_colors_info=\u00bb{}\u00bb]<\/p>\n<p>Por Ana Garanto<\/p>\n<p>[\/et_pb_text][et_pb_text admin_label=\u00bbDesarrollo (Texto)\u00bb _builder_version=\u00bb4.24.2&#8243; text_orientation=\u00bbjustified\u00bb border_style=\u00bbsolid\u00bb global_colors_info=\u00bb{}\u00bb]<\/p>\n<p>En una velada llena de emociones y recuerdos, se llev\u00f3 a cabo la presentaci\u00f3n del libro <em>Preguntar para preguntarse: respuestas de un sacerdote educador a preguntas de j\u00f3venes<\/em>, escrito por el sacerdote salesiano <strong>Josan Montull.<\/strong> El evento, desarrollado en el teatro del colegio salesiano de Monz\u00f3n, tuvo lugar en un ambiente c\u00e1lido y acogedor, donde amigos, familiares y amantes de la literatura se reunieron para celebrar esta ocasi\u00f3n especial.<\/p>\n<p>La presentaci\u00f3n comenz\u00f3 con unas palabras emotivas de <strong>Jos\u00e9 Antonio Adell<\/strong>, reconocido escritor y antiguo profesor, quien es adem\u00e1s un \u00edntimo amigo del autor. <strong>Adell<\/strong> rememor\u00f3 vivencias compartidas con <strong>Josan<\/strong> durante su juventud y realiz\u00f3 un entra\u00f1able recorrido por la vida de <strong>Josan Montull<\/strong>, destacando su gran pasi\u00f3n por el teatro y el cine, dos \u00e1reas que tienen profundos v\u00ednculos con la filosof\u00eda salesiana de Don Bosco.<\/p>\n<p>La atm\u00f3sfera se llen\u00f3 de magia cuando la talentosa alumna <strong>Gabriela Riu<\/strong> interpret\u00f3 de forma excelente y delicada la canci\u00f3n \u00abSo\u00f1ar Contigo\u00bb de Zenet, cautivando a todos los presentes con su voz.<\/p>\n<p>Luego, lleg\u00f3 el momento esperado cuando <strong>Josan Montull,<\/strong> el autor del libro, comparti\u00f3 el relato central de la obra. Con gran sensibilidad, record\u00f3 la historia de <strong>Carlos<\/strong>, un joven ladronzuelo que tuvo un tr\u00e1gico final, pero que encontr\u00f3 apoyo y ayuda en <strong>Josan<\/strong> durante su juventud. Esta conmovedora historia toc\u00f3 profundamente los corazones de los asistentes, dejando escapar algunas l\u00e1grimas y generando una reflexi\u00f3n sobre la importancia de la empat\u00eda y la compasi\u00f3n en nuestras vidas.<\/p>\n<p>Tras la presentaci\u00f3n del libro, el profesor del colegio salesiano <strong>Jos\u00e9 Antonio Castells<\/strong> sorprendi\u00f3 a todos los presentes con su talento musical, interpretando dos canciones del reconocido cantautor <strong>Silvio Rodr\u00edguez<\/strong>, que a\u00f1adieron un toque especial a la noche.<\/p>\n<p>La presentaci\u00f3n del libro <span style=\"text-decoration: underline\"><em>Preguntar para preguntarse<\/em><\/span> fue un evento lleno de emociones, m\u00fasica y reflexi\u00f3n, que dej\u00f3 una huella indeleble en todos los que tuvieron el privilegio de asistir. Es un testimonio del poder transformador de las palabras y del impacto positivo que puede tener la empat\u00eda y la compasi\u00f3n.<\/p>\n<p>\u00a1Felicidades a <strong>Josan Montull<\/strong> por esta obra conmovedora y profundamente inspiradora!<\/p>\n<p>[\/et_pb_text][et_pb_text disabled_on=\u00bboff|off|off\u00bb admin_label=\u00bbT\u00edtulo: Galer\u00eda de fotos (Texto)\u00bb _builder_version=\u00bb4.16&#8243; text_font=\u00bb|on|||\u00bb text_text_color=\u00bb#dc001b\u00bb border_style=\u00bbsolid\u00bb global_colors_info=\u00bb{}\u00bb]Galer\u00eda de im\u00e1genes<br \/>\n[\/et_pb_text][et_pb_gallery gallery_ids=\u00bb12125,12126,12127,12128,12129,12130,12131,12132,12133&#8243; posts_number=\u00bb8&#8243; show_title_and_caption=\u00bboff\u00bb zoom_icon_color=\u00bb#dc001b\u00bb hover_icon=\u00bb&#x54;||divi||400&#8243; disabled_on=\u00bboff|off|off\u00bb admin_label=\u00bbGaler\u00eda\u00bb _builder_version=\u00bb4.24.2&#8243; hover_enabled=\u00bb0&#8243; border_style=\u00bbsolid\u00bb global_colors_info=\u00bb{}\u00bb sticky_enabled=\u00bb0&#8243;][\/et_pb_gallery][et_pb_video disabled_on=\u00bbon|on|on\u00bb admin_label=\u00bbV\u00eddeo\u00bb _builder_version=\u00bb4.16&#8243; disabled=\u00bbon\u00bb global_colors_info=\u00bb{}\u00bb][\/et_pb_video][\/et_pb_column][\/et_pb_row][\/et_pb_section]<\/p>\n","protected":false},"excerpt":{"rendered":"<p>Emotiva presentaci\u00f3n del libro Preguntar para preguntarse, del sacerdote salesiano Josan MontullPor Ana GarantoEn una velada llena de emociones y recuerdos, se llev\u00f3 a cabo la presentaci\u00f3n del libro Preguntar para preguntarse: respuestas de un sacerdote educador a preguntas de j\u00f3venes, escrito por el sacerdote salesiano Josan Montull. El evento, desarrollado en el teatro del [&hellip;]<\/p>\n","protected":false},"author":8,"featured_media":12123,"comment_status":"open","ping_status":"open","sticky":false,"template":"","format":"standard","meta":{"_et_pb_use_builder":"on","_et_pb_old_content":"","_et_gb_content_width":"","footnotes":""},"categories":[10,25],"tags":[],"class_list":["post-12122","post","type-post","status-publish","format-standard","has-post-thumbnail","hentry","category-colegio","category-familia-salesiana"],"yoast_head":"<!-- This site is optimized with the Yoast SEO plugin v28.4 - https:\/\/yoast.com\/product\/yoast-seo-wordpress\/ -->\n<title>Presentaci\u00f3n de libro \u00abPreguntar para preguntarse\u00bb, escrito por Josan Montull - Colegio Santo Domingo Savio<\/title>\n<meta name=\"description\" content=\"Emotiva presentaci\u00f3n del libro Preguntar para preguntarse, del sacerdote salesiano Josan Montull. Se llev\u00f3 a cabo la presentaci\u00f3n del libro\" \/>\n<meta name=\"robots\" content=\"index, follow, max-snippet:-1, max-image-preview:large, max-video-preview:-1\" \/>\n<link rel=\"canonical\" href=\"https:\/\/monzon.salesianos.edu\/colegio\/emotiva-presentacion-del-libro-preguntar-para-preguntarse-del-sacerdote-salesiano-josan-montull\/\" \/>\n<meta property=\"og:locale\" content=\"es_ES\" \/>\n<meta property=\"og:type\" content=\"article\" \/>\n<meta property=\"og:title\" content=\"Presentaci\u00f3n de libro \u00abPreguntar para preguntarse\u00bb, escrito por Josan Montull - Colegio Santo Domingo Savio\" \/>\n<meta property=\"og:description\" content=\"Emotiva presentaci\u00f3n del libro Preguntar para preguntarse, del sacerdote salesiano Josan Montull. Se llev\u00f3 a cabo la presentaci\u00f3n del libro\" \/>\n<meta property=\"og:url\" content=\"https:\/\/monzon.salesianos.edu\/colegio\/emotiva-presentacion-del-libro-preguntar-para-preguntarse-del-sacerdote-salesiano-josan-montull\/\" \/>\n<meta property=\"og:site_name\" content=\"Colegio Santo Domingo Savio\" \/>\n<meta property=\"article:published_time\" content=\"2024-03-13T20:25:30+00:00\" \/>\n<meta property=\"article:modified_time\" content=\"2024-03-13T20:29:16+00:00\" \/>\n<meta property=\"og:image\" content=\"https:\/\/monzon.salesianos.edu\/colegio\/wp-content\/uploads\/sites\/2\/2024\/03\/PORTADA-LIBRO-JOSAN-MONTULL.png\" \/>\n\t<meta property=\"og:image:width\" content=\"1649\" \/>\n\t<meta property=\"og:image:height\" content=\"926\" \/>\n\t<meta property=\"og:image:type\" content=\"image\/png\" \/>\n<meta name=\"author\" content=\"danielmeler\" \/>\n<meta name=\"twitter:card\" content=\"summary_large_image\" \/>\n<meta name=\"twitter:label1\" content=\"Escrito por\" \/>\n\t<meta name=\"twitter:data1\" content=\"danielmeler\" \/>\n\t<meta name=\"twitter:label2\" content=\"Tiempo de lectura\" \/>\n\t<meta name=\"twitter:data2\" content=\"4 minutos\" \/>\n<script type=\"application\/ld+json\" class=\"yoast-schema-graph\">{\"@context\":\"https:\\\/\\\/schema.org\",\"@graph\":[{\"@type\":\"Article\",\"@id\":\"https:\\\/\\\/monzon.salesianos.edu\\\/colegio\\\/emotiva-presentacion-del-libro-preguntar-para-preguntarse-del-sacerdote-salesiano-josan-montull\\\/#article\",\"isPartOf\":{\"@id\":\"https:\\\/\\\/monzon.salesianos.edu\\\/colegio\\\/emotiva-presentacion-del-libro-preguntar-para-preguntarse-del-sacerdote-salesiano-josan-montull\\\/\"},\"author\":{\"name\":\"danielmeler\",\"@id\":\"https:\\\/\\\/monzon.salesianos.edu\\\/colegio\\\/#\\\/schema\\\/person\\\/1cf23e390fdfcec5df68ee2f86e0ee2d\"},\"headline\":\"Presentaci\u00f3n de libro \u00abPreguntar para preguntarse\u00bb, escrito por Josan Montull\",\"datePublished\":\"2024-03-13T20:25:30+00:00\",\"dateModified\":\"2024-03-13T20:29:16+00:00\",\"mainEntityOfPage\":{\"@id\":\"https:\\\/\\\/monzon.salesianos.edu\\\/colegio\\\/emotiva-presentacion-del-libro-preguntar-para-preguntarse-del-sacerdote-salesiano-josan-montull\\\/\"},\"wordCount\":629,\"commentCount\":0,\"image\":{\"@id\":\"https:\\\/\\\/monzon.salesianos.edu\\\/colegio\\\/emotiva-presentacion-del-libro-preguntar-para-preguntarse-del-sacerdote-salesiano-josan-montull\\\/#primaryimage\"},\"thumbnailUrl\":\"https:\\\/\\\/monzon.salesianos.edu\\\/colegio\\\/wp-content\\\/uploads\\\/sites\\\/2\\\/2024\\\/03\\\/PORTADA-LIBRO-JOSAN-MONTULL.png\",\"articleSection\":[\"Colegio\",\"Familia Salesiana\"],\"inLanguage\":\"es\",\"potentialAction\":[{\"@type\":\"CommentAction\",\"name\":\"Comment\",\"target\":[\"https:\\\/\\\/monzon.salesianos.edu\\\/colegio\\\/emotiva-presentacion-del-libro-preguntar-para-preguntarse-del-sacerdote-salesiano-josan-montull\\\/#respond\"]}]},{\"@type\":\"WebPage\",\"@id\":\"https:\\\/\\\/monzon.salesianos.edu\\\/colegio\\\/emotiva-presentacion-del-libro-preguntar-para-preguntarse-del-sacerdote-salesiano-josan-montull\\\/\",\"url\":\"https:\\\/\\\/monzon.salesianos.edu\\\/colegio\\\/emotiva-presentacion-del-libro-preguntar-para-preguntarse-del-sacerdote-salesiano-josan-montull\\\/\",\"name\":\"Presentaci\u00f3n de libro \u00abPreguntar para preguntarse\u00bb, escrito por Josan Montull - Colegio Santo Domingo Savio\",\"isPartOf\":{\"@id\":\"https:\\\/\\\/monzon.salesianos.edu\\\/colegio\\\/#website\"},\"primaryImageOfPage\":{\"@id\":\"https:\\\/\\\/monzon.salesianos.edu\\\/colegio\\\/emotiva-presentacion-del-libro-preguntar-para-preguntarse-del-sacerdote-salesiano-josan-montull\\\/#primaryimage\"},\"image\":{\"@id\":\"https:\\\/\\\/monzon.salesianos.edu\\\/colegio\\\/emotiva-presentacion-del-libro-preguntar-para-preguntarse-del-sacerdote-salesiano-josan-montull\\\/#primaryimage\"},\"thumbnailUrl\":\"https:\\\/\\\/monzon.salesianos.edu\\\/colegio\\\/wp-content\\\/uploads\\\/sites\\\/2\\\/2024\\\/03\\\/PORTADA-LIBRO-JOSAN-MONTULL.png\",\"datePublished\":\"2024-03-13T20:25:30+00:00\",\"dateModified\":\"2024-03-13T20:29:16+00:00\",\"author\":{\"@id\":\"https:\\\/\\\/monzon.salesianos.edu\\\/colegio\\\/#\\\/schema\\\/person\\\/1cf23e390fdfcec5df68ee2f86e0ee2d\"},\"description\":\"Emotiva presentaci\u00f3n del libro Preguntar para preguntarse, del sacerdote salesiano Josan Montull. Se llev\u00f3 a cabo la presentaci\u00f3n del libro\",\"breadcrumb\":{\"@id\":\"https:\\\/\\\/monzon.salesianos.edu\\\/colegio\\\/emotiva-presentacion-del-libro-preguntar-para-preguntarse-del-sacerdote-salesiano-josan-montull\\\/#breadcrumb\"},\"inLanguage\":\"es\",\"potentialAction\":[{\"@type\":\"ReadAction\",\"target\":[\"https:\\\/\\\/monzon.salesianos.edu\\\/colegio\\\/emotiva-presentacion-del-libro-preguntar-para-preguntarse-del-sacerdote-salesiano-josan-montull\\\/\"]}]},{\"@type\":\"ImageObject\",\"inLanguage\":\"es\",\"@id\":\"https:\\\/\\\/monzon.salesianos.edu\\\/colegio\\\/emotiva-presentacion-del-libro-preguntar-para-preguntarse-del-sacerdote-salesiano-josan-montull\\\/#primaryimage\",\"url\":\"https:\\\/\\\/monzon.salesianos.edu\\\/colegio\\\/wp-content\\\/uploads\\\/sites\\\/2\\\/2024\\\/03\\\/PORTADA-LIBRO-JOSAN-MONTULL.png\",\"contentUrl\":\"https:\\\/\\\/monzon.salesianos.edu\\\/colegio\\\/wp-content\\\/uploads\\\/sites\\\/2\\\/2024\\\/03\\\/PORTADA-LIBRO-JOSAN-MONTULL.png\",\"width\":1649,\"height\":926},{\"@type\":\"BreadcrumbList\",\"@id\":\"https:\\\/\\\/monzon.salesianos.edu\\\/colegio\\\/emotiva-presentacion-del-libro-preguntar-para-preguntarse-del-sacerdote-salesiano-josan-montull\\\/#breadcrumb\",\"itemListElement\":[{\"@type\":\"ListItem\",\"position\":1,\"name\":\"Portada\",\"item\":\"https:\\\/\\\/monzon.salesianos.edu\\\/colegio\\\/\"},{\"@type\":\"ListItem\",\"position\":2,\"name\":\"Presentaci\u00f3n de libro \u00abPreguntar para preguntarse\u00bb, escrito por Josan Montull\"}]},{\"@type\":\"WebSite\",\"@id\":\"https:\\\/\\\/monzon.salesianos.edu\\\/colegio\\\/#website\",\"url\":\"https:\\\/\\\/monzon.salesianos.edu\\\/colegio\\\/\",\"name\":\"Colegio Santo Domingo Savio\",\"description\":\"P\u00e1gina oficial Salesianos Monz\u00f3n\",\"potentialAction\":[{\"@type\":\"SearchAction\",\"target\":{\"@type\":\"EntryPoint\",\"urlTemplate\":\"https:\\\/\\\/monzon.salesianos.edu\\\/colegio\\\/?s={search_term_string}\"},\"query-input\":{\"@type\":\"PropertyValueSpecification\",\"valueRequired\":true,\"valueName\":\"search_term_string\"}}],\"inLanguage\":\"es\"},{\"@type\":\"Person\",\"@id\":\"https:\\\/\\\/monzon.salesianos.edu\\\/colegio\\\/#\\\/schema\\\/person\\\/1cf23e390fdfcec5df68ee2f86e0ee2d\",\"name\":\"danielmeler\",\"image\":{\"@type\":\"ImageObject\",\"inLanguage\":\"es\",\"@id\":\"https:\\\/\\\/secure.gravatar.com\\\/avatar\\\/97a450d3b1e626ca68b8eba8d85faf291574499c72c9d77870c46aa8bd969acd?s=96&d=mm&r=g\",\"url\":\"https:\\\/\\\/secure.gravatar.com\\\/avatar\\\/97a450d3b1e626ca68b8eba8d85faf291574499c72c9d77870c46aa8bd969acd?s=96&d=mm&r=g\",\"contentUrl\":\"https:\\\/\\\/secure.gravatar.com\\\/avatar\\\/97a450d3b1e626ca68b8eba8d85faf291574499c72c9d77870c46aa8bd969acd?s=96&d=mm&r=g\",\"caption\":\"danielmeler\"}}]}<\/script>\n<!-- \/ Yoast SEO plugin. -->","yoast_head_json":{"title":"Presentaci\u00f3n de libro \u00abPreguntar para preguntarse\u00bb, escrito por Josan Montull - Colegio Santo Domingo Savio","description":"Emotiva presentaci\u00f3n del libro Preguntar para preguntarse, del sacerdote salesiano Josan Montull. Se llev\u00f3 a cabo la presentaci\u00f3n del libro","robots":{"index":"index","follow":"follow","max-snippet":"max-snippet:-1","max-image-preview":"max-image-preview:large","max-video-preview":"max-video-preview:-1"},"canonical":"https:\/\/monzon.salesianos.edu\/colegio\/emotiva-presentacion-del-libro-preguntar-para-preguntarse-del-sacerdote-salesiano-josan-montull\/","og_locale":"es_ES","og_type":"article","og_title":"Presentaci\u00f3n de libro \u00abPreguntar para preguntarse\u00bb, escrito por Josan Montull - Colegio Santo Domingo Savio","og_description":"Emotiva presentaci\u00f3n del libro Preguntar para preguntarse, del sacerdote salesiano Josan Montull. Se llev\u00f3 a cabo la presentaci\u00f3n del libro","og_url":"https:\/\/monzon.salesianos.edu\/colegio\/emotiva-presentacion-del-libro-preguntar-para-preguntarse-del-sacerdote-salesiano-josan-montull\/","og_site_name":"Colegio Santo Domingo Savio","article_published_time":"2024-03-13T20:25:30+00:00","article_modified_time":"2024-03-13T20:29:16+00:00","og_image":[{"width":1649,"height":926,"url":"https:\/\/monzon.salesianos.edu\/colegio\/wp-content\/uploads\/sites\/2\/2024\/03\/PORTADA-LIBRO-JOSAN-MONTULL.png","type":"image\/png"}],"author":"danielmeler","twitter_card":"summary_large_image","twitter_misc":{"Escrito por":"danielmeler","Tiempo de lectura":"4 minutos"},"schema":{"@context":"https:\/\/schema.org","@graph":[{"@type":"Article","@id":"https:\/\/monzon.salesianos.edu\/colegio\/emotiva-presentacion-del-libro-preguntar-para-preguntarse-del-sacerdote-salesiano-josan-montull\/#article","isPartOf":{"@id":"https:\/\/monzon.salesianos.edu\/colegio\/emotiva-presentacion-del-libro-preguntar-para-preguntarse-del-sacerdote-salesiano-josan-montull\/"},"author":{"name":"danielmeler","@id":"https:\/\/monzon.salesianos.edu\/colegio\/#\/schema\/person\/1cf23e390fdfcec5df68ee2f86e0ee2d"},"headline":"Presentaci\u00f3n de libro \u00abPreguntar para preguntarse\u00bb, escrito por Josan Montull","datePublished":"2024-03-13T20:25:30+00:00","dateModified":"2024-03-13T20:29:16+00:00","mainEntityOfPage":{"@id":"https:\/\/monzon.salesianos.edu\/colegio\/emotiva-presentacion-del-libro-preguntar-para-preguntarse-del-sacerdote-salesiano-josan-montull\/"},"wordCount":629,"commentCount":0,"image":{"@id":"https:\/\/monzon.salesianos.edu\/colegio\/emotiva-presentacion-del-libro-preguntar-para-preguntarse-del-sacerdote-salesiano-josan-montull\/#primaryimage"},"thumbnailUrl":"https:\/\/monzon.salesianos.edu\/colegio\/wp-content\/uploads\/sites\/2\/2024\/03\/PORTADA-LIBRO-JOSAN-MONTULL.png","articleSection":["Colegio","Familia Salesiana"],"inLanguage":"es","potentialAction":[{"@type":"CommentAction","name":"Comment","target":["https:\/\/monzon.salesianos.edu\/colegio\/emotiva-presentacion-del-libro-preguntar-para-preguntarse-del-sacerdote-salesiano-josan-montull\/#respond"]}]},{"@type":"WebPage","@id":"https:\/\/monzon.salesianos.edu\/colegio\/emotiva-presentacion-del-libro-preguntar-para-preguntarse-del-sacerdote-salesiano-josan-montull\/","url":"https:\/\/monzon.salesianos.edu\/colegio\/emotiva-presentacion-del-libro-preguntar-para-preguntarse-del-sacerdote-salesiano-josan-montull\/","name":"Presentaci\u00f3n de libro \u00abPreguntar para preguntarse\u00bb, escrito por Josan Montull - Colegio Santo Domingo Savio","isPartOf":{"@id":"https:\/\/monzon.salesianos.edu\/colegio\/#website"},"primaryImageOfPage":{"@id":"https:\/\/monzon.salesianos.edu\/colegio\/emotiva-presentacion-del-libro-preguntar-para-preguntarse-del-sacerdote-salesiano-josan-montull\/#primaryimage"},"image":{"@id":"https:\/\/monzon.salesianos.edu\/colegio\/emotiva-presentacion-del-libro-preguntar-para-preguntarse-del-sacerdote-salesiano-josan-montull\/#primaryimage"},"thumbnailUrl":"https:\/\/monzon.salesianos.edu\/colegio\/wp-content\/uploads\/sites\/2\/2024\/03\/PORTADA-LIBRO-JOSAN-MONTULL.png","datePublished":"2024-03-13T20:25:30+00:00","dateModified":"2024-03-13T20:29:16+00:00","author":{"@id":"https:\/\/monzon.salesianos.edu\/colegio\/#\/schema\/person\/1cf23e390fdfcec5df68ee2f86e0ee2d"},"description":"Emotiva presentaci\u00f3n del libro Preguntar para preguntarse, del sacerdote salesiano Josan Montull. Se llev\u00f3 a cabo la presentaci\u00f3n del libro","breadcrumb":{"@id":"https:\/\/monzon.salesianos.edu\/colegio\/emotiva-presentacion-del-libro-preguntar-para-preguntarse-del-sacerdote-salesiano-josan-montull\/#breadcrumb"},"inLanguage":"es","potentialAction":[{"@type":"ReadAction","target":["https:\/\/monzon.salesianos.edu\/colegio\/emotiva-presentacion-del-libro-preguntar-para-preguntarse-del-sacerdote-salesiano-josan-montull\/"]}]},{"@type":"ImageObject","inLanguage":"es","@id":"https:\/\/monzon.salesianos.edu\/colegio\/emotiva-presentacion-del-libro-preguntar-para-preguntarse-del-sacerdote-salesiano-josan-montull\/#primaryimage","url":"https:\/\/monzon.salesianos.edu\/colegio\/wp-content\/uploads\/sites\/2\/2024\/03\/PORTADA-LIBRO-JOSAN-MONTULL.png","contentUrl":"https:\/\/monzon.salesianos.edu\/colegio\/wp-content\/uploads\/sites\/2\/2024\/03\/PORTADA-LIBRO-JOSAN-MONTULL.png","width":1649,"height":926},{"@type":"BreadcrumbList","@id":"https:\/\/monzon.salesianos.edu\/colegio\/emotiva-presentacion-del-libro-preguntar-para-preguntarse-del-sacerdote-salesiano-josan-montull\/#breadcrumb","itemListElement":[{"@type":"ListItem","position":1,"name":"Portada","item":"https:\/\/monzon.salesianos.edu\/colegio\/"},{"@type":"ListItem","position":2,"name":"Presentaci\u00f3n de libro \u00abPreguntar para preguntarse\u00bb, escrito por Josan Montull"}]},{"@type":"WebSite","@id":"https:\/\/monzon.salesianos.edu\/colegio\/#website","url":"https:\/\/monzon.salesianos.edu\/colegio\/","name":"Colegio Santo Domingo Savio","description":"P\u00e1gina oficial Salesianos Monz\u00f3n","potentialAction":[{"@type":"SearchAction","target":{"@type":"EntryPoint","urlTemplate":"https:\/\/monzon.salesianos.edu\/colegio\/?s={search_term_string}"},"query-input":{"@type":"PropertyValueSpecification","valueRequired":true,"valueName":"search_term_string"}}],"inLanguage":"es"},{"@type":"Person","@id":"https:\/\/monzon.salesianos.edu\/colegio\/#\/schema\/person\/1cf23e390fdfcec5df68ee2f86e0ee2d","name":"danielmeler","image":{"@type":"ImageObject","inLanguage":"es","@id":"https:\/\/secure.gravatar.com\/avatar\/97a450d3b1e626ca68b8eba8d85faf291574499c72c9d77870c46aa8bd969acd?s=96&d=mm&r=g","url":"https:\/\/secure.gravatar.com\/avatar\/97a450d3b1e626ca68b8eba8d85faf291574499c72c9d77870c46aa8bd969acd?s=96&d=mm&r=g","contentUrl":"https:\/\/secure.gravatar.com\/avatar\/97a450d3b1e626ca68b8eba8d85faf291574499c72c9d77870c46aa8bd969acd?s=96&d=mm&r=g","caption":"danielmeler"}}]}},"_links":{"self":[{"href":"https:\/\/monzon.salesianos.edu\/colegio\/wp-json\/wp\/v2\/posts\/12122","targetHints":{"allow":["GET"]}}],"collection":[{"href":"https:\/\/monzon.salesianos.edu\/colegio\/wp-json\/wp\/v2\/posts"}],"about":[{"href":"https:\/\/monzon.salesianos.edu\/colegio\/wp-json\/wp\/v2\/types\/post"}],"author":[{"embeddable":true,"href":"https:\/\/monzon.salesianos.edu\/colegio\/wp-json\/wp\/v2\/users\/8"}],"replies":[{"embeddable":true,"href":"https:\/\/monzon.salesianos.edu\/colegio\/wp-json\/wp\/v2\/comments?post=12122"}],"version-history":[{"count":1,"href":"https:\/\/monzon.salesianos.edu\/colegio\/wp-json\/wp\/v2\/posts\/12122\/revisions"}],"predecessor-version":[{"id":12134,"href":"https:\/\/monzon.salesianos.edu\/colegio\/wp-json\/wp\/v2\/posts\/12122\/revisions\/12134"}],"wp:featuredmedia":[{"embeddable":true,"href":"https:\/\/monzon.salesianos.edu\/colegio\/wp-json\/wp\/v2\/media\/12123"}],"wp:attachment":[{"href":"https:\/\/monzon.salesianos.edu\/colegio\/wp-json\/wp\/v2\/media?parent=12122"}],"wp:term":[{"taxonomy":"category","embeddable":true,"href":"https:\/\/monzon.salesianos.edu\/colegio\/wp-json\/wp\/v2\/categories?post=12122"},{"taxonomy":"post_tag","embeddable":true,"href":"https:\/\/monzon.salesianos.edu\/colegio\/wp-json\/wp\/v2\/tags?post=12122"}],"curies":[{"name":"wp","href":"https:\/\/api.w.org\/{rel}","templated":true}]}}