{"id":11947,"date":"2024-01-03T10:14:30","date_gmt":"2024-01-03T09:14:30","guid":{"rendered":"https:\/\/monzon.salesianos.edu\/colegio\/una-navidad-solidaria-en-salesianos-monzon-2\/"},"modified":"2024-01-03T10:19:39","modified_gmt":"2024-01-03T09:19:39","slug":"una-navidad-solidaria-en-salesianos-monzon-2","status":"publish","type":"post","link":"https:\/\/monzon.salesianos.edu\/colegio\/una-navidad-solidaria-en-salesianos-monzon-2\/","title":{"rendered":"Una Navidad solidaria en Salesianos Monz\u00f3n"},"content":{"rendered":"<p>[et_pb_section fb_built=\u00bb1&#8243; admin_label=\u00bbsection\u00bb _builder_version=\u00bb4.16&#8243; global_colors_info=\u00bb{}\u00bb][et_pb_row admin_label=\u00bbrow\u00bb _builder_version=\u00bb4.16&#8243; background_size=\u00bbinitial\u00bb background_position=\u00bbtop_left\u00bb background_repeat=\u00bbrepeat\u00bb global_colors_info=\u00bb{}\u00bb][et_pb_column type=\u00bb4_4&#8243; _builder_version=\u00bb4.16&#8243; custom_padding=\u00bb|||\u00bb global_colors_info=\u00bb{}\u00bb custom_padding__hover=\u00bb|||\u00bb][et_pb_text admin_label=\u00bbEntradilla (Texto)\u00bb _builder_version=\u00bb4.23.1&#8243; text_font=\u00bb|on|||\u00bb text_orientation=\u00bbjustified\u00bb border_style=\u00bbsolid\u00bb global_colors_info=\u00bb{}\u00bb]<\/p>\n<h1><strong>En los d\u00edas previos a la Navidad, el Colegio Santo Domingo Savio no se olvida de los que m\u00e1s lo necesitan.<\/strong><\/h1>\n<p>[\/et_pb_text][et_pb_text admin_label=\u00bbAutor (Texto)\u00bb _builder_version=\u00bb4.23.1&#8243; text_font=\u00bb||on||\u00bb border_style=\u00bbsolid\u00bb global_colors_info=\u00bb{}\u00bb]<\/p>\n<p>Por Ana Garanto<\/p>\n<p>[\/et_pb_text][et_pb_text admin_label=\u00bbDesarrollo (Texto)\u00bb _builder_version=\u00bb4.23.1&#8243; text_orientation=\u00bbjustified\u00bb border_style=\u00bbsolid\u00bb global_colors_info=\u00bb{}\u00bb]<\/p>\n<p>En el mes de diciembre, Salesianos Monz\u00f3n se vuelca con los que m\u00e1s lo necesitan. En primer lugar, se dio inicio al proyecto de aprendizaje-servicio a la comunidad (APS) y voluntariado para todos los alumnos de 1\u00ba de Bachillerato. Estos proyectos forman parte del curr\u00edculo de algunas materias, pero tienen la finalidad de prestar un servicio a la comunidad. As\u00ed, los alumnos colaboran con varias asociaciones e instituciones de Monz\u00f3n como la residencia Riosol, C\u00e1ritas Monz\u00f3n o AMO. Este a\u00f1o, como novedad, hemos ampliado la red de colaboraciones a la vecina localidad de Bin\u00e9far, pudiendo el alumnado colaborar con C\u00e1ritas Bin\u00e9far y la residencia de la tercera edad de la localidad. Tambi\u00e9n los alumnos pueden venir a nuestro centro a colaborar con la extraescolar de \u201cdeberes asistidos\u201d para ayudar a otros alumnos m\u00e1s peque\u00f1os con las tareas escolares.<\/p>\n<p>Adem\u00e1s, en el colegio se realiz\u00f3 una campa\u00f1a de recogida de alimentos desde el 11 al 20 de diciembre en colaboraci\u00f3n con C\u00e1ritas Monz\u00f3n para que los m\u00e1s necesitados tambi\u00e9n tengan acceso a alimentos y productos de higiene b\u00e1sicos en estas fechas tan se\u00f1aladas. Esta recogida se realiza todos los a\u00f1os para que C\u00e1ritas pueda atender a centenares de familias que no llegan a fin de mes.<\/p>\n<p>Es tambi\u00e9n para estas fechas que en las residencias de Monz\u00f3n los alumnos de 1\u00ba, 2\u00ba y 3\u00ba de ESO, de forma voluntaria y acompa\u00f1ados por el profesor Jos\u00e9 Antonio Castells, alegran las Navidades a los usuarios cant\u00e1ndoles villancicos. Este curso, una treintena de alumnos han sido los valientes que durante los momentos de recreo han ensayado con percusi\u00f3n y sus voces. Adem\u00e1s, se han realizado desde 1\u00ba de ESO unas tarjetas de felicitaci\u00f3n navide\u00f1as para las dos residencias. Gracias a esta iniciativa del ayuntamiento de Monz\u00f3n se dan situaciones muy emotivas y bonitos momentos: besos, abrazos y alguna lagrimilla, m\u00e1s cuando se produce alg\u00fan encuentro intergeneracional entre abuelo y nieto.<\/p>\n<p>Los villancicos tambi\u00e9n han sonado hoy por los micr\u00f3fonos de Onda Cero Monz\u00f3n ya que una representaci\u00f3n del coro de villancicos de nuestro colegio formada por Vicente, Trinny, Paula, Asier y Mart\u00edn han estado animando unos momentos de la ma\u00f1ana a los oyentes de Monz\u00f3n y comarca.<\/p>\n<p>En Salesianos Monz\u00f3n somos solidarios, intentando siempre hacer un poco m\u00e1s felices a los dem\u00e1s. <\/p>\n<p>[\/et_pb_text][et_pb_text disabled_on=\u00bboff|off|off\u00bb admin_label=\u00bbT\u00edtulo: Galer\u00eda de fotos (Texto)\u00bb _builder_version=\u00bb4.16&#8243; text_font=\u00bb|on|||\u00bb text_text_color=\u00bb#dc001b\u00bb border_style=\u00bbsolid\u00bb global_colors_info=\u00bb{}\u00bb]Galer\u00eda de im\u00e1genes<br \/>\n[\/et_pb_text][et_pb_gallery gallery_ids=\u00bb11951,11952,11953,11954&#8243; posts_number=\u00bb8&#8243; show_title_and_caption=\u00bboff\u00bb zoom_icon_color=\u00bb#dc001b\u00bb hover_icon=\u00bb&#x54;||divi||400&#8243; disabled_on=\u00bboff|off|off\u00bb admin_label=\u00bbGaler\u00eda\u00bb _builder_version=\u00bb4.23.1&#8243; hover_enabled=\u00bb0&#8243; border_style=\u00bbsolid\u00bb global_colors_info=\u00bb{}\u00bb sticky_enabled=\u00bb0&#8243;][\/et_pb_gallery][et_pb_video disabled_on=\u00bbon|on|on\u00bb admin_label=\u00bbV\u00eddeo\u00bb _builder_version=\u00bb4.16&#8243; disabled=\u00bbon\u00bb global_colors_info=\u00bb{}\u00bb][\/et_pb_video][\/et_pb_column][\/et_pb_row][\/et_pb_section]<\/p>\n","protected":false},"excerpt":{"rendered":"<p>En los d\u00edas previos a la Navidad, el Colegio Santo Domingo Savio no se olvida de los que m\u00e1s lo necesitan.Por Ana GarantoEn el mes de diciembre, Salesianos Monz\u00f3n se vuelca con los que m\u00e1s lo necesitan. En primer lugar, se dio inicio al proyecto de aprendizaje-servicio a la comunidad (APS) y voluntariado para todos [&hellip;]<\/p>\n","protected":false},"author":8,"featured_media":11946,"comment_status":"open","ping_status":"open","sticky":false,"template":"","format":"standard","meta":{"_et_pb_use_builder":"on","_et_pb_old_content":"","_et_gb_content_width":"","footnotes":""},"categories":[10,25],"tags":[],"class_list":["post-11947","post","type-post","status-publish","format-standard","has-post-thumbnail","hentry","category-colegio","category-familia-salesiana"],"yoast_head":"<!-- This site is optimized with the Yoast SEO plugin v28.4 - https:\/\/yoast.com\/product\/yoast-seo-wordpress\/ -->\n<title>Una Navidad solidaria en Salesianos Monz\u00f3n - Colegio Santo Domingo Savio<\/title>\n<meta name=\"description\" content=\"\u2022 En los d\u00edas previos a la Navidad, el Colegio Santo Domingo Savio no se olvida de los que m\u00e1s lo necesitan.\" \/>\n<meta name=\"robots\" content=\"index, follow, max-snippet:-1, max-image-preview:large, max-video-preview:-1\" \/>\n<link rel=\"canonical\" href=\"https:\/\/monzon.salesianos.edu\/colegio\/una-navidad-solidaria-en-salesianos-monzon-2\/\" \/>\n<meta property=\"og:locale\" content=\"es_ES\" \/>\n<meta property=\"og:type\" content=\"article\" \/>\n<meta property=\"og:title\" content=\"Una Navidad solidaria en Salesianos Monz\u00f3n - Colegio Santo Domingo Savio\" \/>\n<meta property=\"og:description\" content=\"\u2022 En los d\u00edas previos a la Navidad, el Colegio Santo Domingo Savio no se olvida de los que m\u00e1s lo necesitan.\" \/>\n<meta property=\"og:url\" content=\"https:\/\/monzon.salesianos.edu\/colegio\/una-navidad-solidaria-en-salesianos-monzon-2\/\" \/>\n<meta property=\"og:site_name\" content=\"Colegio Santo Domingo Savio\" \/>\n<meta property=\"article:published_time\" content=\"2024-01-03T09:14:30+00:00\" \/>\n<meta property=\"article:modified_time\" content=\"2024-01-03T09:19:39+00:00\" \/>\n<meta property=\"og:image\" content=\"https:\/\/monzon.salesianos.edu\/colegio\/wp-content\/uploads\/sites\/2\/2024\/01\/PORTADA-NAVIDAD.jpg\" \/>\n\t<meta property=\"og:image:width\" content=\"1649\" \/>\n\t<meta property=\"og:image:height\" content=\"926\" \/>\n\t<meta property=\"og:image:type\" content=\"image\/jpeg\" \/>\n<meta name=\"author\" content=\"danielmeler\" \/>\n<meta name=\"twitter:card\" content=\"summary_large_image\" \/>\n<meta name=\"twitter:label1\" content=\"Escrito por\" \/>\n\t<meta name=\"twitter:data1\" content=\"danielmeler\" \/>\n\t<meta name=\"twitter:label2\" content=\"Tiempo de lectura\" \/>\n\t<meta name=\"twitter:data2\" content=\"3 minutos\" \/>\n<script type=\"application\/ld+json\" class=\"yoast-schema-graph\">{\"@context\":\"https:\\\/\\\/schema.org\",\"@graph\":[{\"@type\":\"Article\",\"@id\":\"https:\\\/\\\/monzon.salesianos.edu\\\/colegio\\\/una-navidad-solidaria-en-salesianos-monzon-2\\\/#article\",\"isPartOf\":{\"@id\":\"https:\\\/\\\/monzon.salesianos.edu\\\/colegio\\\/una-navidad-solidaria-en-salesianos-monzon-2\\\/\"},\"author\":{\"name\":\"danielmeler\",\"@id\":\"https:\\\/\\\/monzon.salesianos.edu\\\/colegio\\\/#\\\/schema\\\/person\\\/1cf23e390fdfcec5df68ee2f86e0ee2d\"},\"headline\":\"Una Navidad solidaria en Salesianos Monz\u00f3n\",\"datePublished\":\"2024-01-03T09:14:30+00:00\",\"dateModified\":\"2024-01-03T09:19:39+00:00\",\"mainEntityOfPage\":{\"@id\":\"https:\\\/\\\/monzon.salesianos.edu\\\/colegio\\\/una-navidad-solidaria-en-salesianos-monzon-2\\\/\"},\"wordCount\":680,\"commentCount\":0,\"image\":{\"@id\":\"https:\\\/\\\/monzon.salesianos.edu\\\/colegio\\\/una-navidad-solidaria-en-salesianos-monzon-2\\\/#primaryimage\"},\"thumbnailUrl\":\"https:\\\/\\\/monzon.salesianos.edu\\\/colegio\\\/wp-content\\\/uploads\\\/sites\\\/2\\\/2024\\\/01\\\/PORTADA-NAVIDAD.jpg\",\"articleSection\":[\"Colegio\",\"Familia Salesiana\"],\"inLanguage\":\"es\",\"potentialAction\":[{\"@type\":\"CommentAction\",\"name\":\"Comment\",\"target\":[\"https:\\\/\\\/monzon.salesianos.edu\\\/colegio\\\/una-navidad-solidaria-en-salesianos-monzon-2\\\/#respond\"]}]},{\"@type\":\"WebPage\",\"@id\":\"https:\\\/\\\/monzon.salesianos.edu\\\/colegio\\\/una-navidad-solidaria-en-salesianos-monzon-2\\\/\",\"url\":\"https:\\\/\\\/monzon.salesianos.edu\\\/colegio\\\/una-navidad-solidaria-en-salesianos-monzon-2\\\/\",\"name\":\"Una Navidad solidaria en Salesianos Monz\u00f3n - Colegio Santo Domingo Savio\",\"isPartOf\":{\"@id\":\"https:\\\/\\\/monzon.salesianos.edu\\\/colegio\\\/#website\"},\"primaryImageOfPage\":{\"@id\":\"https:\\\/\\\/monzon.salesianos.edu\\\/colegio\\\/una-navidad-solidaria-en-salesianos-monzon-2\\\/#primaryimage\"},\"image\":{\"@id\":\"https:\\\/\\\/monzon.salesianos.edu\\\/colegio\\\/una-navidad-solidaria-en-salesianos-monzon-2\\\/#primaryimage\"},\"thumbnailUrl\":\"https:\\\/\\\/monzon.salesianos.edu\\\/colegio\\\/wp-content\\\/uploads\\\/sites\\\/2\\\/2024\\\/01\\\/PORTADA-NAVIDAD.jpg\",\"datePublished\":\"2024-01-03T09:14:30+00:00\",\"dateModified\":\"2024-01-03T09:19:39+00:00\",\"author\":{\"@id\":\"https:\\\/\\\/monzon.salesianos.edu\\\/colegio\\\/#\\\/schema\\\/person\\\/1cf23e390fdfcec5df68ee2f86e0ee2d\"},\"description\":\"\u2022 En los d\u00edas previos a la Navidad, el Colegio Santo Domingo Savio no se olvida de los que m\u00e1s lo necesitan.\",\"breadcrumb\":{\"@id\":\"https:\\\/\\\/monzon.salesianos.edu\\\/colegio\\\/una-navidad-solidaria-en-salesianos-monzon-2\\\/#breadcrumb\"},\"inLanguage\":\"es\",\"potentialAction\":[{\"@type\":\"ReadAction\",\"target\":[\"https:\\\/\\\/monzon.salesianos.edu\\\/colegio\\\/una-navidad-solidaria-en-salesianos-monzon-2\\\/\"]}]},{\"@type\":\"ImageObject\",\"inLanguage\":\"es\",\"@id\":\"https:\\\/\\\/monzon.salesianos.edu\\\/colegio\\\/una-navidad-solidaria-en-salesianos-monzon-2\\\/#primaryimage\",\"url\":\"https:\\\/\\\/monzon.salesianos.edu\\\/colegio\\\/wp-content\\\/uploads\\\/sites\\\/2\\\/2024\\\/01\\\/PORTADA-NAVIDAD.jpg\",\"contentUrl\":\"https:\\\/\\\/monzon.salesianos.edu\\\/colegio\\\/wp-content\\\/uploads\\\/sites\\\/2\\\/2024\\\/01\\\/PORTADA-NAVIDAD.jpg\",\"width\":1649,\"height\":926},{\"@type\":\"BreadcrumbList\",\"@id\":\"https:\\\/\\\/monzon.salesianos.edu\\\/colegio\\\/una-navidad-solidaria-en-salesianos-monzon-2\\\/#breadcrumb\",\"itemListElement\":[{\"@type\":\"ListItem\",\"position\":1,\"name\":\"Portada\",\"item\":\"https:\\\/\\\/monzon.salesianos.edu\\\/colegio\\\/\"},{\"@type\":\"ListItem\",\"position\":2,\"name\":\"Una Navidad solidaria en Salesianos Monz\u00f3n\"}]},{\"@type\":\"WebSite\",\"@id\":\"https:\\\/\\\/monzon.salesianos.edu\\\/colegio\\\/#website\",\"url\":\"https:\\\/\\\/monzon.salesianos.edu\\\/colegio\\\/\",\"name\":\"Colegio Santo Domingo Savio\",\"description\":\"P\u00e1gina oficial Salesianos Monz\u00f3n\",\"potentialAction\":[{\"@type\":\"SearchAction\",\"target\":{\"@type\":\"EntryPoint\",\"urlTemplate\":\"https:\\\/\\\/monzon.salesianos.edu\\\/colegio\\\/?s={search_term_string}\"},\"query-input\":{\"@type\":\"PropertyValueSpecification\",\"valueRequired\":true,\"valueName\":\"search_term_string\"}}],\"inLanguage\":\"es\"},{\"@type\":\"Person\",\"@id\":\"https:\\\/\\\/monzon.salesianos.edu\\\/colegio\\\/#\\\/schema\\\/person\\\/1cf23e390fdfcec5df68ee2f86e0ee2d\",\"name\":\"danielmeler\",\"image\":{\"@type\":\"ImageObject\",\"inLanguage\":\"es\",\"@id\":\"https:\\\/\\\/secure.gravatar.com\\\/avatar\\\/97a450d3b1e626ca68b8eba8d85faf291574499c72c9d77870c46aa8bd969acd?s=96&d=mm&r=g\",\"url\":\"https:\\\/\\\/secure.gravatar.com\\\/avatar\\\/97a450d3b1e626ca68b8eba8d85faf291574499c72c9d77870c46aa8bd969acd?s=96&d=mm&r=g\",\"contentUrl\":\"https:\\\/\\\/secure.gravatar.com\\\/avatar\\\/97a450d3b1e626ca68b8eba8d85faf291574499c72c9d77870c46aa8bd969acd?s=96&d=mm&r=g\",\"caption\":\"danielmeler\"}}]}<\/script>\n<!-- \/ Yoast SEO plugin. -->","yoast_head_json":{"title":"Una Navidad solidaria en Salesianos Monz\u00f3n - Colegio Santo Domingo Savio","description":"\u2022 En los d\u00edas previos a la Navidad, el Colegio Santo Domingo Savio no se olvida de los que m\u00e1s lo necesitan.","robots":{"index":"index","follow":"follow","max-snippet":"max-snippet:-1","max-image-preview":"max-image-preview:large","max-video-preview":"max-video-preview:-1"},"canonical":"https:\/\/monzon.salesianos.edu\/colegio\/una-navidad-solidaria-en-salesianos-monzon-2\/","og_locale":"es_ES","og_type":"article","og_title":"Una Navidad solidaria en Salesianos Monz\u00f3n - Colegio Santo Domingo Savio","og_description":"\u2022 En los d\u00edas previos a la Navidad, el Colegio Santo Domingo Savio no se olvida de los que m\u00e1s lo necesitan.","og_url":"https:\/\/monzon.salesianos.edu\/colegio\/una-navidad-solidaria-en-salesianos-monzon-2\/","og_site_name":"Colegio Santo Domingo Savio","article_published_time":"2024-01-03T09:14:30+00:00","article_modified_time":"2024-01-03T09:19:39+00:00","og_image":[{"width":1649,"height":926,"url":"https:\/\/monzon.salesianos.edu\/colegio\/wp-content\/uploads\/sites\/2\/2024\/01\/PORTADA-NAVIDAD.jpg","type":"image\/jpeg"}],"author":"danielmeler","twitter_card":"summary_large_image","twitter_misc":{"Escrito por":"danielmeler","Tiempo de lectura":"3 minutos"},"schema":{"@context":"https:\/\/schema.org","@graph":[{"@type":"Article","@id":"https:\/\/monzon.salesianos.edu\/colegio\/una-navidad-solidaria-en-salesianos-monzon-2\/#article","isPartOf":{"@id":"https:\/\/monzon.salesianos.edu\/colegio\/una-navidad-solidaria-en-salesianos-monzon-2\/"},"author":{"name":"danielmeler","@id":"https:\/\/monzon.salesianos.edu\/colegio\/#\/schema\/person\/1cf23e390fdfcec5df68ee2f86e0ee2d"},"headline":"Una Navidad solidaria en Salesianos Monz\u00f3n","datePublished":"2024-01-03T09:14:30+00:00","dateModified":"2024-01-03T09:19:39+00:00","mainEntityOfPage":{"@id":"https:\/\/monzon.salesianos.edu\/colegio\/una-navidad-solidaria-en-salesianos-monzon-2\/"},"wordCount":680,"commentCount":0,"image":{"@id":"https:\/\/monzon.salesianos.edu\/colegio\/una-navidad-solidaria-en-salesianos-monzon-2\/#primaryimage"},"thumbnailUrl":"https:\/\/monzon.salesianos.edu\/colegio\/wp-content\/uploads\/sites\/2\/2024\/01\/PORTADA-NAVIDAD.jpg","articleSection":["Colegio","Familia Salesiana"],"inLanguage":"es","potentialAction":[{"@type":"CommentAction","name":"Comment","target":["https:\/\/monzon.salesianos.edu\/colegio\/una-navidad-solidaria-en-salesianos-monzon-2\/#respond"]}]},{"@type":"WebPage","@id":"https:\/\/monzon.salesianos.edu\/colegio\/una-navidad-solidaria-en-salesianos-monzon-2\/","url":"https:\/\/monzon.salesianos.edu\/colegio\/una-navidad-solidaria-en-salesianos-monzon-2\/","name":"Una Navidad solidaria en Salesianos Monz\u00f3n - Colegio Santo Domingo Savio","isPartOf":{"@id":"https:\/\/monzon.salesianos.edu\/colegio\/#website"},"primaryImageOfPage":{"@id":"https:\/\/monzon.salesianos.edu\/colegio\/una-navidad-solidaria-en-salesianos-monzon-2\/#primaryimage"},"image":{"@id":"https:\/\/monzon.salesianos.edu\/colegio\/una-navidad-solidaria-en-salesianos-monzon-2\/#primaryimage"},"thumbnailUrl":"https:\/\/monzon.salesianos.edu\/colegio\/wp-content\/uploads\/sites\/2\/2024\/01\/PORTADA-NAVIDAD.jpg","datePublished":"2024-01-03T09:14:30+00:00","dateModified":"2024-01-03T09:19:39+00:00","author":{"@id":"https:\/\/monzon.salesianos.edu\/colegio\/#\/schema\/person\/1cf23e390fdfcec5df68ee2f86e0ee2d"},"description":"\u2022 En los d\u00edas previos a la Navidad, el Colegio Santo Domingo Savio no se olvida de los que m\u00e1s lo necesitan.","breadcrumb":{"@id":"https:\/\/monzon.salesianos.edu\/colegio\/una-navidad-solidaria-en-salesianos-monzon-2\/#breadcrumb"},"inLanguage":"es","potentialAction":[{"@type":"ReadAction","target":["https:\/\/monzon.salesianos.edu\/colegio\/una-navidad-solidaria-en-salesianos-monzon-2\/"]}]},{"@type":"ImageObject","inLanguage":"es","@id":"https:\/\/monzon.salesianos.edu\/colegio\/una-navidad-solidaria-en-salesianos-monzon-2\/#primaryimage","url":"https:\/\/monzon.salesianos.edu\/colegio\/wp-content\/uploads\/sites\/2\/2024\/01\/PORTADA-NAVIDAD.jpg","contentUrl":"https:\/\/monzon.salesianos.edu\/colegio\/wp-content\/uploads\/sites\/2\/2024\/01\/PORTADA-NAVIDAD.jpg","width":1649,"height":926},{"@type":"BreadcrumbList","@id":"https:\/\/monzon.salesianos.edu\/colegio\/una-navidad-solidaria-en-salesianos-monzon-2\/#breadcrumb","itemListElement":[{"@type":"ListItem","position":1,"name":"Portada","item":"https:\/\/monzon.salesianos.edu\/colegio\/"},{"@type":"ListItem","position":2,"name":"Una Navidad solidaria en Salesianos Monz\u00f3n"}]},{"@type":"WebSite","@id":"https:\/\/monzon.salesianos.edu\/colegio\/#website","url":"https:\/\/monzon.salesianos.edu\/colegio\/","name":"Colegio Santo Domingo Savio","description":"P\u00e1gina oficial Salesianos Monz\u00f3n","potentialAction":[{"@type":"SearchAction","target":{"@type":"EntryPoint","urlTemplate":"https:\/\/monzon.salesianos.edu\/colegio\/?s={search_term_string}"},"query-input":{"@type":"PropertyValueSpecification","valueRequired":true,"valueName":"search_term_string"}}],"inLanguage":"es"},{"@type":"Person","@id":"https:\/\/monzon.salesianos.edu\/colegio\/#\/schema\/person\/1cf23e390fdfcec5df68ee2f86e0ee2d","name":"danielmeler","image":{"@type":"ImageObject","inLanguage":"es","@id":"https:\/\/secure.gravatar.com\/avatar\/97a450d3b1e626ca68b8eba8d85faf291574499c72c9d77870c46aa8bd969acd?s=96&d=mm&r=g","url":"https:\/\/secure.gravatar.com\/avatar\/97a450d3b1e626ca68b8eba8d85faf291574499c72c9d77870c46aa8bd969acd?s=96&d=mm&r=g","contentUrl":"https:\/\/secure.gravatar.com\/avatar\/97a450d3b1e626ca68b8eba8d85faf291574499c72c9d77870c46aa8bd969acd?s=96&d=mm&r=g","caption":"danielmeler"}}]}},"_links":{"self":[{"href":"https:\/\/monzon.salesianos.edu\/colegio\/wp-json\/wp\/v2\/posts\/11947","targetHints":{"allow":["GET"]}}],"collection":[{"href":"https:\/\/monzon.salesianos.edu\/colegio\/wp-json\/wp\/v2\/posts"}],"about":[{"href":"https:\/\/monzon.salesianos.edu\/colegio\/wp-json\/wp\/v2\/types\/post"}],"author":[{"embeddable":true,"href":"https:\/\/monzon.salesianos.edu\/colegio\/wp-json\/wp\/v2\/users\/8"}],"replies":[{"embeddable":true,"href":"https:\/\/monzon.salesianos.edu\/colegio\/wp-json\/wp\/v2\/comments?post=11947"}],"version-history":[{"count":1,"href":"https:\/\/monzon.salesianos.edu\/colegio\/wp-json\/wp\/v2\/posts\/11947\/revisions"}],"predecessor-version":[{"id":11955,"href":"https:\/\/monzon.salesianos.edu\/colegio\/wp-json\/wp\/v2\/posts\/11947\/revisions\/11955"}],"wp:featuredmedia":[{"embeddable":true,"href":"https:\/\/monzon.salesianos.edu\/colegio\/wp-json\/wp\/v2\/media\/11946"}],"wp:attachment":[{"href":"https:\/\/monzon.salesianos.edu\/colegio\/wp-json\/wp\/v2\/media?parent=11947"}],"wp:term":[{"taxonomy":"category","embeddable":true,"href":"https:\/\/monzon.salesianos.edu\/colegio\/wp-json\/wp\/v2\/categories?post=11947"},{"taxonomy":"post_tag","embeddable":true,"href":"https:\/\/monzon.salesianos.edu\/colegio\/wp-json\/wp\/v2\/tags?post=11947"}],"curies":[{"name":"wp","href":"https:\/\/api.w.org\/{rel}","templated":true}]}}