{"id":11906,"date":"2023-12-01T11:16:39","date_gmt":"2023-12-01T10:16:39","guid":{"rendered":"https:\/\/monzon.salesianos.edu\/colegio\/programa-de-deberes-asistidos\/"},"modified":"2023-12-02T10:19:01","modified_gmt":"2023-12-02T09:19:01","slug":"programa-de-deberes-asistidos","status":"publish","type":"post","link":"https:\/\/monzon.salesianos.edu\/colegio\/programa-de-deberes-asistidos\/","title":{"rendered":"Programa de deberes asistidos por las tardes"},"content":{"rendered":"<p>[et_pb_section fb_built=\u00bb1&#8243; admin_label=\u00bbsection\u00bb _builder_version=\u00bb4.16&#8243; global_colors_info=\u00bb{}\u00bb theme_builder_area=\u00bbpost_content\u00bb][et_pb_row admin_label=\u00bbrow\u00bb _builder_version=\u00bb4.16&#8243; background_size=\u00bbinitial\u00bb background_position=\u00bbtop_left\u00bb background_repeat=\u00bbrepeat\u00bb global_colors_info=\u00bb{}\u00bb theme_builder_area=\u00bbpost_content\u00bb][et_pb_column type=\u00bb4_4&#8243; _builder_version=\u00bb4.16&#8243; custom_padding=\u00bb|||\u00bb global_colors_info=\u00bb{}\u00bb custom_padding__hover=\u00bb|||\u00bb theme_builder_area=\u00bbpost_content\u00bb][et_pb_text admin_label=\u00bbEntradilla (Texto)\u00bb _builder_version=\u00bb4.23.1&#8243; text_font=\u00bb|on|||\u00bb text_orientation=\u00bbjustified\u00bb border_style=\u00bbsolid\u00bb global_colors_info=\u00bb{}\u00bb theme_builder_area=\u00bbpost_content\u00bb]<\/p>\n<h1>El programa de deberes asistidos est\u00e1 dirigido a alumnos de 1\u00ba, 2\u00ba y 3\u00ba de ESO y, excepcionalmente, a alumnos de 4\u00ba de ESO y postobligatoria que precisan de refuerzo en el aprendizaje del espa\u00f1ol.<\/h1>\n<p>[\/et_pb_text][et_pb_text admin_label=\u00bbAutor (Texto)\u00bb _builder_version=\u00bb4.23.1&#8243; text_font=\u00bb||on||\u00bb hover_enabled=\u00bb0&#8243; border_style=\u00bbsolid\u00bb global_colors_info=\u00bb{}\u00bb theme_builder_area=\u00bbpost_content\u00bb sticky_enabled=\u00bb0&#8243;]<\/p>\n<p>Por Laura Coloma<\/p>\n<p>[\/et_pb_text][et_pb_text admin_label=\u00bbDesarrollo (Texto)\u00bb _builder_version=\u00bb4.23.1&#8243; text_orientation=\u00bbjustified\u00bb border_style=\u00bbsolid\u00bb global_colors_info=\u00bb{}\u00bb theme_builder_area=\u00bbpost_content\u00bb]<\/p>\n<p>El proyecto pretende acoger y ayudar a alumnos caracterizados por:<\/p>\n<ul>\n<li>Dificultades econ\u00f3micas.<\/li>\n<li>Carencia de h\u00e1bitos de estudio.<\/li>\n<li>Falta de presencia de los padres durante los momentos de estudio en el hogar.<\/li>\n<li>No alcanzar las competencias m\u00ednimas b\u00e1sicas.<\/li>\n<li>Aprendizaje del idioma.<\/li>\n<\/ul>\n<p>Este programa supone la continuidad de los ya realizados en cursos anteriores tras la detecci\u00f3n de las siguientes necesidades en un determinado sector de nuestro alumnado:<\/p>\n<ul>\n<li>Existencia de alumnos en situaciones socioecon\u00f3micas desfavorecidas.<\/li>\n<li>Alumnos que no siguen el ritmo escolar.<\/li>\n<li>La no realizaci\u00f3n de actividades m\u00ednimas por una parte del alumnado.<\/li>\n<li>El bajo rendimiento en el estudio de algunos alumnos.<\/li>\n<li>La reducci\u00f3n de horas de dedicaci\u00f3n de los padres en sus casas para la atenci\u00f3n de los alumnos. (Trabajo de los dos miembros de la unidad familiar, separaciones, falta de alg\u00fan miembro de la unidad familiar debido a unas u otras razones)<\/li>\n<li>La necesidad de aprender un idioma nuevo en el caso del alumnado inmigrante.<\/li>\n<\/ul>\n<p><strong>Objetivos <\/strong><\/p>\n<ol>\n<li>Reforzar y apoyar a alumnos que presentan una situaci\u00f3n personal y familiar particular (situaciones socioecon\u00f3micas desfavorables, ambos padres trabajadores que no pueden atender a sus hijos en dichas horas, familias monoparentales con problemas de dedicaci\u00f3n\u2026)<\/li>\n<\/ol>\n<ol start=\"2\">\n<li>Integrar a los alumnos en el ritmo de su grupo-clase.<\/li>\n<\/ol>\n<ol start=\"3\">\n<li>Acompa\u00f1ar a los alumnos para evitar el fracaso escolar.<\/li>\n<\/ol>\n<ol start=\"4\">\n<li>Acoger a los alumnos en el centro educativo, fuera del horario escolar, evitando as\u00ed su permanencia en la calle o excesivas horas utilizando las nuevas tecnolog\u00edas de forma indiscriminada.<\/li>\n<\/ol>\n<ol start=\"5\">\n<li>Aprendizaje del idioma.<\/li>\n<\/ol>\n<p>&nbsp;<\/p>\n<p>La actividad tiene lugar los lunes, mi\u00e9rcoles y jueves de 16h a 17h y tiene un coste de 10 euros al mes. Para llevarla a cabo, el profesor a cargo de los deberes asistidos cuenta con la ayuda de dos voluntarias italianas y de alumnos de Bachillerato que, dentro del programa de aprendizaje servicio de la materia de filosof\u00eda, acuden a ayudar a los chavales a la realizaci\u00f3n de sus deberes.<\/p>\n<p>[\/et_pb_text][et_pb_text disabled_on=\u00bboff|off|off\u00bb admin_label=\u00bbT\u00edtulo: Galer\u00eda de fotos (Texto)\u00bb _builder_version=\u00bb4.16&#8243; text_font=\u00bb|on|||\u00bb text_text_color=\u00bb#dc001b\u00bb border_style=\u00bbsolid\u00bb global_colors_info=\u00bb{}\u00bb theme_builder_area=\u00bbpost_content\u00bb]Galer\u00eda de im\u00e1genes<br \/>\n[\/et_pb_text][et_pb_gallery gallery_ids=\u00bb11909,11910,11911,11912,11913,11914,11915&#8243; posts_number=\u00bb8&#8243; show_title_and_caption=\u00bboff\u00bb zoom_icon_color=\u00bb#dc001b\u00bb hover_icon=\u00bb&#x54;||divi||400&#8243; disabled_on=\u00bboff|off|off\u00bb admin_label=\u00bbGaler\u00eda\u00bb _builder_version=\u00bb4.23.1&#8243; border_style=\u00bbsolid\u00bb global_colors_info=\u00bb{}\u00bb theme_builder_area=\u00bbpost_content\u00bb][\/et_pb_gallery][et_pb_video disabled_on=\u00bbon|on|on\u00bb admin_label=\u00bbV\u00eddeo\u00bb _builder_version=\u00bb4.16&#8243; disabled=\u00bbon\u00bb global_colors_info=\u00bb{}\u00bb theme_builder_area=\u00bbpost_content\u00bb][\/et_pb_video][\/et_pb_column][\/et_pb_row][\/et_pb_section]<\/p>\n","protected":false},"excerpt":{"rendered":"<p>El programa de deberes asistidos est\u00e1 dirigido a alumnos de 1\u00ba, 2\u00ba y 3\u00ba de ESO y, excepcionalmente, a alumnos de 4\u00ba de ESO y postobligatoria que precisan de refuerzo en el aprendizaje del espa\u00f1ol.Por Laura ColomaEl proyecto pretende acoger y ayudar a alumnos caracterizados por: Dificultades econ\u00f3micas. Carencia de h\u00e1bitos de estudio. Falta de [&hellip;]<\/p>\n","protected":false},"author":8,"featured_media":11907,"comment_status":"open","ping_status":"open","sticky":false,"template":"","format":"standard","meta":{"_et_pb_use_builder":"on","_et_pb_old_content":"","_et_gb_content_width":"","footnotes":""},"categories":[10,25],"tags":[],"class_list":["post-11906","post","type-post","status-publish","format-standard","has-post-thumbnail","hentry","category-colegio","category-familia-salesiana"],"yoast_head":"<!-- This site is optimized with the Yoast SEO plugin v28.4 - https:\/\/yoast.com\/product\/yoast-seo-wordpress\/ -->\n<title>Programa de deberes asistidos por las tardes - Colegio Santo Domingo Savio<\/title>\n<meta name=\"description\" content=\"El programa es dirigido a alumnos de 1\u00ba, 2\u00ba, 3\u00ba ESO y alumnos de 4\u00ba ESO y postobligatoria que precisan refuerzo en el aprendizaje de espa\u00f1ol.\" \/>\n<meta name=\"robots\" content=\"index, follow, max-snippet:-1, max-image-preview:large, max-video-preview:-1\" \/>\n<link rel=\"canonical\" href=\"https:\/\/monzon.salesianos.edu\/colegio\/programa-de-deberes-asistidos\/\" \/>\n<meta property=\"og:locale\" content=\"es_ES\" \/>\n<meta property=\"og:type\" content=\"article\" \/>\n<meta property=\"og:title\" content=\"Programa de deberes asistidos por las tardes - Colegio Santo Domingo Savio\" \/>\n<meta property=\"og:description\" content=\"El programa es dirigido a alumnos de 1\u00ba, 2\u00ba, 3\u00ba ESO y alumnos de 4\u00ba ESO y postobligatoria que precisan refuerzo en el aprendizaje de espa\u00f1ol.\" \/>\n<meta property=\"og:url\" content=\"https:\/\/monzon.salesianos.edu\/colegio\/programa-de-deberes-asistidos\/\" \/>\n<meta property=\"og:site_name\" content=\"Colegio Santo Domingo Savio\" \/>\n<meta property=\"article:published_time\" content=\"2023-12-01T10:16:39+00:00\" \/>\n<meta property=\"article:modified_time\" content=\"2023-12-02T09:19:01+00:00\" \/>\n<meta property=\"og:image\" content=\"https:\/\/monzon.salesianos.edu\/colegio\/wp-content\/uploads\/sites\/2\/2023\/12\/PORTADA-DEBERES-ASISTIDOS-VOLUNTARIADO.jpeg\" \/>\n\t<meta property=\"og:image:width\" content=\"1649\" \/>\n\t<meta property=\"og:image:height\" content=\"926\" \/>\n\t<meta property=\"og:image:type\" content=\"image\/jpeg\" \/>\n<meta name=\"author\" content=\"danielmeler\" \/>\n<meta name=\"twitter:card\" content=\"summary_large_image\" \/>\n<meta name=\"twitter:label1\" content=\"Escrito por\" \/>\n\t<meta name=\"twitter:data1\" content=\"danielmeler\" \/>\n\t<meta name=\"twitter:label2\" content=\"Tiempo de lectura\" \/>\n\t<meta name=\"twitter:data2\" content=\"2 minutos\" \/>\n<script type=\"application\/ld+json\" class=\"yoast-schema-graph\">{\"@context\":\"https:\\\/\\\/schema.org\",\"@graph\":[{\"@type\":\"Article\",\"@id\":\"https:\\\/\\\/monzon.salesianos.edu\\\/colegio\\\/programa-de-deberes-asistidos\\\/#article\",\"isPartOf\":{\"@id\":\"https:\\\/\\\/monzon.salesianos.edu\\\/colegio\\\/programa-de-deberes-asistidos\\\/\"},\"author\":{\"name\":\"danielmeler\",\"@id\":\"https:\\\/\\\/monzon.salesianos.edu\\\/colegio\\\/#\\\/schema\\\/person\\\/1cf23e390fdfcec5df68ee2f86e0ee2d\"},\"headline\":\"Programa de deberes asistidos por las tardes\",\"datePublished\":\"2023-12-01T10:16:39+00:00\",\"dateModified\":\"2023-12-02T09:19:01+00:00\",\"mainEntityOfPage\":{\"@id\":\"https:\\\/\\\/monzon.salesianos.edu\\\/colegio\\\/programa-de-deberes-asistidos\\\/\"},\"wordCount\":651,\"commentCount\":0,\"image\":{\"@id\":\"https:\\\/\\\/monzon.salesianos.edu\\\/colegio\\\/programa-de-deberes-asistidos\\\/#primaryimage\"},\"thumbnailUrl\":\"https:\\\/\\\/monzon.salesianos.edu\\\/colegio\\\/wp-content\\\/uploads\\\/sites\\\/2\\\/2023\\\/12\\\/PORTADA-DEBERES-ASISTIDOS-VOLUNTARIADO.jpeg\",\"articleSection\":[\"Colegio\",\"Familia Salesiana\"],\"inLanguage\":\"es\",\"potentialAction\":[{\"@type\":\"CommentAction\",\"name\":\"Comment\",\"target\":[\"https:\\\/\\\/monzon.salesianos.edu\\\/colegio\\\/programa-de-deberes-asistidos\\\/#respond\"]}]},{\"@type\":\"WebPage\",\"@id\":\"https:\\\/\\\/monzon.salesianos.edu\\\/colegio\\\/programa-de-deberes-asistidos\\\/\",\"url\":\"https:\\\/\\\/monzon.salesianos.edu\\\/colegio\\\/programa-de-deberes-asistidos\\\/\",\"name\":\"Programa de deberes asistidos por las tardes - Colegio Santo Domingo Savio\",\"isPartOf\":{\"@id\":\"https:\\\/\\\/monzon.salesianos.edu\\\/colegio\\\/#website\"},\"primaryImageOfPage\":{\"@id\":\"https:\\\/\\\/monzon.salesianos.edu\\\/colegio\\\/programa-de-deberes-asistidos\\\/#primaryimage\"},\"image\":{\"@id\":\"https:\\\/\\\/monzon.salesianos.edu\\\/colegio\\\/programa-de-deberes-asistidos\\\/#primaryimage\"},\"thumbnailUrl\":\"https:\\\/\\\/monzon.salesianos.edu\\\/colegio\\\/wp-content\\\/uploads\\\/sites\\\/2\\\/2023\\\/12\\\/PORTADA-DEBERES-ASISTIDOS-VOLUNTARIADO.jpeg\",\"datePublished\":\"2023-12-01T10:16:39+00:00\",\"dateModified\":\"2023-12-02T09:19:01+00:00\",\"author\":{\"@id\":\"https:\\\/\\\/monzon.salesianos.edu\\\/colegio\\\/#\\\/schema\\\/person\\\/1cf23e390fdfcec5df68ee2f86e0ee2d\"},\"description\":\"El programa es dirigido a alumnos de 1\u00ba, 2\u00ba, 3\u00ba ESO y alumnos de 4\u00ba ESO y postobligatoria que precisan refuerzo en el aprendizaje de espa\u00f1ol.\",\"breadcrumb\":{\"@id\":\"https:\\\/\\\/monzon.salesianos.edu\\\/colegio\\\/programa-de-deberes-asistidos\\\/#breadcrumb\"},\"inLanguage\":\"es\",\"potentialAction\":[{\"@type\":\"ReadAction\",\"target\":[\"https:\\\/\\\/monzon.salesianos.edu\\\/colegio\\\/programa-de-deberes-asistidos\\\/\"]}]},{\"@type\":\"ImageObject\",\"inLanguage\":\"es\",\"@id\":\"https:\\\/\\\/monzon.salesianos.edu\\\/colegio\\\/programa-de-deberes-asistidos\\\/#primaryimage\",\"url\":\"https:\\\/\\\/monzon.salesianos.edu\\\/colegio\\\/wp-content\\\/uploads\\\/sites\\\/2\\\/2023\\\/12\\\/PORTADA-DEBERES-ASISTIDOS-VOLUNTARIADO.jpeg\",\"contentUrl\":\"https:\\\/\\\/monzon.salesianos.edu\\\/colegio\\\/wp-content\\\/uploads\\\/sites\\\/2\\\/2023\\\/12\\\/PORTADA-DEBERES-ASISTIDOS-VOLUNTARIADO.jpeg\",\"width\":1649,\"height\":926},{\"@type\":\"BreadcrumbList\",\"@id\":\"https:\\\/\\\/monzon.salesianos.edu\\\/colegio\\\/programa-de-deberes-asistidos\\\/#breadcrumb\",\"itemListElement\":[{\"@type\":\"ListItem\",\"position\":1,\"name\":\"Portada\",\"item\":\"https:\\\/\\\/monzon.salesianos.edu\\\/colegio\\\/\"},{\"@type\":\"ListItem\",\"position\":2,\"name\":\"Programa de deberes asistidos por las tardes\"}]},{\"@type\":\"WebSite\",\"@id\":\"https:\\\/\\\/monzon.salesianos.edu\\\/colegio\\\/#website\",\"url\":\"https:\\\/\\\/monzon.salesianos.edu\\\/colegio\\\/\",\"name\":\"Colegio Santo Domingo Savio\",\"description\":\"P\u00e1gina oficial Salesianos Monz\u00f3n\",\"potentialAction\":[{\"@type\":\"SearchAction\",\"target\":{\"@type\":\"EntryPoint\",\"urlTemplate\":\"https:\\\/\\\/monzon.salesianos.edu\\\/colegio\\\/?s={search_term_string}\"},\"query-input\":{\"@type\":\"PropertyValueSpecification\",\"valueRequired\":true,\"valueName\":\"search_term_string\"}}],\"inLanguage\":\"es\"},{\"@type\":\"Person\",\"@id\":\"https:\\\/\\\/monzon.salesianos.edu\\\/colegio\\\/#\\\/schema\\\/person\\\/1cf23e390fdfcec5df68ee2f86e0ee2d\",\"name\":\"danielmeler\",\"image\":{\"@type\":\"ImageObject\",\"inLanguage\":\"es\",\"@id\":\"https:\\\/\\\/secure.gravatar.com\\\/avatar\\\/97a450d3b1e626ca68b8eba8d85faf291574499c72c9d77870c46aa8bd969acd?s=96&d=mm&r=g\",\"url\":\"https:\\\/\\\/secure.gravatar.com\\\/avatar\\\/97a450d3b1e626ca68b8eba8d85faf291574499c72c9d77870c46aa8bd969acd?s=96&d=mm&r=g\",\"contentUrl\":\"https:\\\/\\\/secure.gravatar.com\\\/avatar\\\/97a450d3b1e626ca68b8eba8d85faf291574499c72c9d77870c46aa8bd969acd?s=96&d=mm&r=g\",\"caption\":\"danielmeler\"}}]}<\/script>\n<!-- \/ Yoast SEO plugin. -->","yoast_head_json":{"title":"Programa de deberes asistidos por las tardes - Colegio Santo Domingo Savio","description":"El programa es dirigido a alumnos de 1\u00ba, 2\u00ba, 3\u00ba ESO y alumnos de 4\u00ba ESO y postobligatoria que precisan refuerzo en el aprendizaje de espa\u00f1ol.","robots":{"index":"index","follow":"follow","max-snippet":"max-snippet:-1","max-image-preview":"max-image-preview:large","max-video-preview":"max-video-preview:-1"},"canonical":"https:\/\/monzon.salesianos.edu\/colegio\/programa-de-deberes-asistidos\/","og_locale":"es_ES","og_type":"article","og_title":"Programa de deberes asistidos por las tardes - Colegio Santo Domingo Savio","og_description":"El programa es dirigido a alumnos de 1\u00ba, 2\u00ba, 3\u00ba ESO y alumnos de 4\u00ba ESO y postobligatoria que precisan refuerzo en el aprendizaje de espa\u00f1ol.","og_url":"https:\/\/monzon.salesianos.edu\/colegio\/programa-de-deberes-asistidos\/","og_site_name":"Colegio Santo Domingo Savio","article_published_time":"2023-12-01T10:16:39+00:00","article_modified_time":"2023-12-02T09:19:01+00:00","og_image":[{"width":1649,"height":926,"url":"https:\/\/monzon.salesianos.edu\/colegio\/wp-content\/uploads\/sites\/2\/2023\/12\/PORTADA-DEBERES-ASISTIDOS-VOLUNTARIADO.jpeg","type":"image\/jpeg"}],"author":"danielmeler","twitter_card":"summary_large_image","twitter_misc":{"Escrito por":"danielmeler","Tiempo de lectura":"2 minutos"},"schema":{"@context":"https:\/\/schema.org","@graph":[{"@type":"Article","@id":"https:\/\/monzon.salesianos.edu\/colegio\/programa-de-deberes-asistidos\/#article","isPartOf":{"@id":"https:\/\/monzon.salesianos.edu\/colegio\/programa-de-deberes-asistidos\/"},"author":{"name":"danielmeler","@id":"https:\/\/monzon.salesianos.edu\/colegio\/#\/schema\/person\/1cf23e390fdfcec5df68ee2f86e0ee2d"},"headline":"Programa de deberes asistidos por las tardes","datePublished":"2023-12-01T10:16:39+00:00","dateModified":"2023-12-02T09:19:01+00:00","mainEntityOfPage":{"@id":"https:\/\/monzon.salesianos.edu\/colegio\/programa-de-deberes-asistidos\/"},"wordCount":651,"commentCount":0,"image":{"@id":"https:\/\/monzon.salesianos.edu\/colegio\/programa-de-deberes-asistidos\/#primaryimage"},"thumbnailUrl":"https:\/\/monzon.salesianos.edu\/colegio\/wp-content\/uploads\/sites\/2\/2023\/12\/PORTADA-DEBERES-ASISTIDOS-VOLUNTARIADO.jpeg","articleSection":["Colegio","Familia Salesiana"],"inLanguage":"es","potentialAction":[{"@type":"CommentAction","name":"Comment","target":["https:\/\/monzon.salesianos.edu\/colegio\/programa-de-deberes-asistidos\/#respond"]}]},{"@type":"WebPage","@id":"https:\/\/monzon.salesianos.edu\/colegio\/programa-de-deberes-asistidos\/","url":"https:\/\/monzon.salesianos.edu\/colegio\/programa-de-deberes-asistidos\/","name":"Programa de deberes asistidos por las tardes - Colegio Santo Domingo Savio","isPartOf":{"@id":"https:\/\/monzon.salesianos.edu\/colegio\/#website"},"primaryImageOfPage":{"@id":"https:\/\/monzon.salesianos.edu\/colegio\/programa-de-deberes-asistidos\/#primaryimage"},"image":{"@id":"https:\/\/monzon.salesianos.edu\/colegio\/programa-de-deberes-asistidos\/#primaryimage"},"thumbnailUrl":"https:\/\/monzon.salesianos.edu\/colegio\/wp-content\/uploads\/sites\/2\/2023\/12\/PORTADA-DEBERES-ASISTIDOS-VOLUNTARIADO.jpeg","datePublished":"2023-12-01T10:16:39+00:00","dateModified":"2023-12-02T09:19:01+00:00","author":{"@id":"https:\/\/monzon.salesianos.edu\/colegio\/#\/schema\/person\/1cf23e390fdfcec5df68ee2f86e0ee2d"},"description":"El programa es dirigido a alumnos de 1\u00ba, 2\u00ba, 3\u00ba ESO y alumnos de 4\u00ba ESO y postobligatoria que precisan refuerzo en el aprendizaje de espa\u00f1ol.","breadcrumb":{"@id":"https:\/\/monzon.salesianos.edu\/colegio\/programa-de-deberes-asistidos\/#breadcrumb"},"inLanguage":"es","potentialAction":[{"@type":"ReadAction","target":["https:\/\/monzon.salesianos.edu\/colegio\/programa-de-deberes-asistidos\/"]}]},{"@type":"ImageObject","inLanguage":"es","@id":"https:\/\/monzon.salesianos.edu\/colegio\/programa-de-deberes-asistidos\/#primaryimage","url":"https:\/\/monzon.salesianos.edu\/colegio\/wp-content\/uploads\/sites\/2\/2023\/12\/PORTADA-DEBERES-ASISTIDOS-VOLUNTARIADO.jpeg","contentUrl":"https:\/\/monzon.salesianos.edu\/colegio\/wp-content\/uploads\/sites\/2\/2023\/12\/PORTADA-DEBERES-ASISTIDOS-VOLUNTARIADO.jpeg","width":1649,"height":926},{"@type":"BreadcrumbList","@id":"https:\/\/monzon.salesianos.edu\/colegio\/programa-de-deberes-asistidos\/#breadcrumb","itemListElement":[{"@type":"ListItem","position":1,"name":"Portada","item":"https:\/\/monzon.salesianos.edu\/colegio\/"},{"@type":"ListItem","position":2,"name":"Programa de deberes asistidos por las tardes"}]},{"@type":"WebSite","@id":"https:\/\/monzon.salesianos.edu\/colegio\/#website","url":"https:\/\/monzon.salesianos.edu\/colegio\/","name":"Colegio Santo Domingo Savio","description":"P\u00e1gina oficial Salesianos Monz\u00f3n","potentialAction":[{"@type":"SearchAction","target":{"@type":"EntryPoint","urlTemplate":"https:\/\/monzon.salesianos.edu\/colegio\/?s={search_term_string}"},"query-input":{"@type":"PropertyValueSpecification","valueRequired":true,"valueName":"search_term_string"}}],"inLanguage":"es"},{"@type":"Person","@id":"https:\/\/monzon.salesianos.edu\/colegio\/#\/schema\/person\/1cf23e390fdfcec5df68ee2f86e0ee2d","name":"danielmeler","image":{"@type":"ImageObject","inLanguage":"es","@id":"https:\/\/secure.gravatar.com\/avatar\/97a450d3b1e626ca68b8eba8d85faf291574499c72c9d77870c46aa8bd969acd?s=96&d=mm&r=g","url":"https:\/\/secure.gravatar.com\/avatar\/97a450d3b1e626ca68b8eba8d85faf291574499c72c9d77870c46aa8bd969acd?s=96&d=mm&r=g","contentUrl":"https:\/\/secure.gravatar.com\/avatar\/97a450d3b1e626ca68b8eba8d85faf291574499c72c9d77870c46aa8bd969acd?s=96&d=mm&r=g","caption":"danielmeler"}}]}},"_links":{"self":[{"href":"https:\/\/monzon.salesianos.edu\/colegio\/wp-json\/wp\/v2\/posts\/11906","targetHints":{"allow":["GET"]}}],"collection":[{"href":"https:\/\/monzon.salesianos.edu\/colegio\/wp-json\/wp\/v2\/posts"}],"about":[{"href":"https:\/\/monzon.salesianos.edu\/colegio\/wp-json\/wp\/v2\/types\/post"}],"author":[{"embeddable":true,"href":"https:\/\/monzon.salesianos.edu\/colegio\/wp-json\/wp\/v2\/users\/8"}],"replies":[{"embeddable":true,"href":"https:\/\/monzon.salesianos.edu\/colegio\/wp-json\/wp\/v2\/comments?post=11906"}],"version-history":[{"count":2,"href":"https:\/\/monzon.salesianos.edu\/colegio\/wp-json\/wp\/v2\/posts\/11906\/revisions"}],"predecessor-version":[{"id":11928,"href":"https:\/\/monzon.salesianos.edu\/colegio\/wp-json\/wp\/v2\/posts\/11906\/revisions\/11928"}],"wp:featuredmedia":[{"embeddable":true,"href":"https:\/\/monzon.salesianos.edu\/colegio\/wp-json\/wp\/v2\/media\/11907"}],"wp:attachment":[{"href":"https:\/\/monzon.salesianos.edu\/colegio\/wp-json\/wp\/v2\/media?parent=11906"}],"wp:term":[{"taxonomy":"category","embeddable":true,"href":"https:\/\/monzon.salesianos.edu\/colegio\/wp-json\/wp\/v2\/categories?post=11906"},{"taxonomy":"post_tag","embeddable":true,"href":"https:\/\/monzon.salesianos.edu\/colegio\/wp-json\/wp\/v2\/tags?post=11906"}],"curies":[{"name":"wp","href":"https:\/\/api.w.org\/{rel}","templated":true}]}}