{"id":11600,"date":"2023-06-01T07:30:35","date_gmt":"2023-06-01T06:30:35","guid":{"rendered":"https:\/\/monzon.salesianos.edu\/colegio\/celebracion-de-maria-auxiliadora\/"},"modified":"2023-06-01T07:36:59","modified_gmt":"2023-06-01T06:36:59","slug":"celebracion-de-maria-auxiliadora","status":"publish","type":"post","link":"https:\/\/monzon.salesianos.edu\/colegio\/celebracion-de-maria-auxiliadora\/","title":{"rendered":"Celebraci\u00f3n de Mar\u00eda Auxiliadora"},"content":{"rendered":"<p>[et_pb_section fb_built=\u00bb1&#8243; admin_label=\u00bbsection\u00bb _builder_version=\u00bb4.16&#8243; global_colors_info=\u00bb{}\u00bb][et_pb_row admin_label=\u00bbrow\u00bb _builder_version=\u00bb4.16&#8243; background_size=\u00bbinitial\u00bb background_position=\u00bbtop_left\u00bb background_repeat=\u00bbrepeat\u00bb global_colors_info=\u00bb{}\u00bb][et_pb_column type=\u00bb4_4&#8243; _builder_version=\u00bb4.16&#8243; custom_padding=\u00bb|||\u00bb global_colors_info=\u00bb{}\u00bb custom_padding__hover=\u00bb|||\u00bb][et_pb_text admin_label=\u00bbEntradilla (Texto)\u00bb _builder_version=\u00bb4.20.0&#8243; text_font=\u00bb|on|||\u00bb text_orientation=\u00bbjustified\u00bb border_style=\u00bbsolid\u00bb global_colors_info=\u00bb{}\u00bb]<\/p>\n<h1>El d\u00eda 24 de mayo celebramos Mar\u00eda Auxiliadora, un gran d\u00eda para toda la familia de Salesianos porque fue Don Bosco el gran impulsor de la devoci\u00f3n y el cari\u00f1o a Mar\u00eda Auxiliadora.<\/h1>\n<p>[\/et_pb_text][et_pb_text admin_label=\u00bbAutor (Texto)\u00bb _builder_version=\u00bb4.20.0&#8243; text_font=\u00bb||on||\u00bb border_style=\u00bbsolid\u00bb global_colors_info=\u00bb{}\u00bb]Por Carmen Cast\u00e1n<br \/>\n[\/et_pb_text][et_pb_text admin_label=\u00bbDesarrollo (Texto)\u00bb _builder_version=\u00bb4.20.0&#8243; text_orientation=\u00bbjustified\u00bb border_style=\u00bbsolid\u00bb global_colors_info=\u00bb{}\u00bb]La celebraci\u00f3n de la fiesta de Mar\u00eda Auxiliadora se realiza cada a\u00f1o con enorme j\u00fabilo en todo el mundo. All\u00ed donde hay una casa salesiana se realizan actividades muy diversas, que llenan de alegr\u00eda los corazones de todos para dar las gracias a la Virgen Mar\u00eda, conocida como \u201cVirgen de Don Bosco\u201d:<\/p>\n<p>Disfrutamos de una ma\u00f1ana llena de actividades. En primer lugar, una celebraci\u00f3n muy emotiva de las que fuimos part\u00edcipes toda la comunidad educativa con ofrenda de flores y carteles de Mar\u00eda Auxiliadora, Madre solidaria.<\/p>\n<p>Despu\u00e9s, nuestros alumnos\/as pudieron disfrutar de la obra de teatro \u201cPeter Pan\u201d, a cargo de Rebulizio. Siempre nos amenizan con obras divertidas; y lo que m\u00e1s ilusi\u00f3n nos hace, es ver en el escenario a algunos de nuestros alumnos\/as que tan desenvueltos act\u00faan ante un teatro lleno y entregado. Y, tras esto, se jugaron las finales deportivas que tanta expectaci\u00f3n causan.<\/p>\n<p>A las 12:30 el director Titular del colegio, Antonio Campo, dio el pistoletazo de salida a la IV Carrera Solidaria Bosco Global en la que, por primera vez, participamos todo el colegio, m\u00e1s de 500 dorsales. Salimos del colegio e hicimos un recorrido por el cauce del r\u00edo hasta el puente Viejo donde se encontraba la meta. All\u00ed, la directora pedag\u00f3gica, Anabel Novell\u00f3n y el salesiano, Josan Montull, nos esperaban para recordarnos que todo lo recaudado ir\u00e1 destinado al proyecto de Bosco Global en Siria porque muchos j\u00f3venes est\u00e1n siendo atendidos por los misioneros salesianos que trabajan d\u00eda a d\u00eda all\u00ed.<\/p>\n<p>Unos salieron corriendo, otros caminando\u2026pero todos llegamos y cruzamos la meta. Seguimos creyendo que la solidaridad es el mejor remedio frente a la desigualdad. Caminamos y corrimos por un mundo m\u00e1s justo que garantice una educaci\u00f3n de calidad y que abra caminos de solidaridad. Nunca una distancia tan larga se pod\u00eda acortar en tan poco espacio. En Salesianos Monz\u00f3n ABRIMOS CAMINOS a la SOLIDARIDAD.<br \/>\n[\/et_pb_text][et_pb_text disabled_on=\u00bboff|off|off\u00bb admin_label=\u00bbT\u00edtulo: Galer\u00eda de fotos (Texto)\u00bb _builder_version=\u00bb4.16&#8243; text_font=\u00bb|on|||\u00bb text_text_color=\u00bb#dc001b\u00bb border_style=\u00bbsolid\u00bb global_colors_info=\u00bb{}\u00bb]Galer\u00eda de im\u00e1genes [\/et_pb_text][et_pb_gallery gallery_ids=\u00bb11608,11609,11610,11611,11612,11613,11614,11615,11616,11617&#8243; posts_number=\u00bb8&#8243; show_title_and_caption=\u00bboff\u00bb zoom_icon_color=\u00bb#dc001b\u00bb hover_icon=\u00bb&#x54;||divi||400&#8243; disabled_on=\u00bboff|off|off\u00bb admin_label=\u00bbGaler\u00eda\u00bb _builder_version=\u00bb4.20.0&#8243; hover_enabled=\u00bb0&#8243; border_style=\u00bbsolid\u00bb global_colors_info=\u00bb{}\u00bb sticky_enabled=\u00bb0&#8243;][\/et_pb_gallery][et_pb_video disabled_on=\u00bbon|on|on\u00bb admin_label=\u00bbV\u00eddeo\u00bb _builder_version=\u00bb4.16&#8243; disabled=\u00bbon\u00bb global_colors_info=\u00bb{}\u00bb][\/et_pb_video][\/et_pb_column][\/et_pb_row][\/et_pb_section]<\/p>\n","protected":false},"excerpt":{"rendered":"<p>El d\u00eda 24 de mayo celebramos Mar\u00eda Auxiliadora, un gran d\u00eda para toda la familia de Salesianos porque fue Don Bosco el gran impulsor de la devoci\u00f3n y el cari\u00f1o a Mar\u00eda Auxiliadora.Por Carmen Cast\u00e1n La celebraci\u00f3n de la fiesta de Mar\u00eda Auxiliadora se realiza cada a\u00f1o con enorme j\u00fabilo en todo el mundo. All\u00ed [&hellip;]<\/p>\n","protected":false},"author":8,"featured_media":11601,"comment_status":"open","ping_status":"open","sticky":false,"template":"","format":"standard","meta":{"_et_pb_use_builder":"on","_et_pb_old_content":"","_et_gb_content_width":"","footnotes":""},"categories":[10,25],"tags":[],"class_list":["post-11600","post","type-post","status-publish","format-standard","has-post-thumbnail","hentry","category-colegio","category-familia-salesiana"],"yoast_head":"<!-- This site is optimized with the Yoast SEO plugin v28.4 - https:\/\/yoast.com\/product\/yoast-seo-wordpress\/ -->\n<title>Celebraci\u00f3n de Mar\u00eda Auxiliadora - Colegio Santo Domingo Savio<\/title>\n<meta name=\"robots\" content=\"index, follow, max-snippet:-1, max-image-preview:large, max-video-preview:-1\" \/>\n<link rel=\"canonical\" href=\"https:\/\/monzon.salesianos.edu\/colegio\/celebracion-de-maria-auxiliadora\/\" \/>\n<meta property=\"og:locale\" content=\"es_ES\" \/>\n<meta property=\"og:type\" content=\"article\" \/>\n<meta property=\"og:title\" content=\"Celebraci\u00f3n de Mar\u00eda Auxiliadora - Colegio Santo Domingo Savio\" \/>\n<meta property=\"og:description\" content=\"El d\u00eda 24 de mayo celebramos Mar\u00eda Auxiliadora, un gran d\u00eda para toda la familia de Salesianos porque fue Don Bosco el gran impulsor de la devoci\u00f3n y el cari\u00f1o a Mar\u00eda Auxiliadora.Por Carmen Cast\u00e1n La celebraci\u00f3n de la fiesta de Mar\u00eda Auxiliadora se realiza cada a\u00f1o con enorme j\u00fabilo en todo el mundo. All\u00ed [&hellip;]\" \/>\n<meta property=\"og:url\" content=\"https:\/\/monzon.salesianos.edu\/colegio\/celebracion-de-maria-auxiliadora\/\" \/>\n<meta property=\"og:site_name\" content=\"Colegio Santo Domingo Savio\" \/>\n<meta property=\"article:published_time\" content=\"2023-06-01T06:30:35+00:00\" \/>\n<meta property=\"article:modified_time\" content=\"2023-06-01T06:36:59+00:00\" \/>\n<meta property=\"og:image\" content=\"https:\/\/monzon.salesianos.edu\/colegio\/wp-content\/uploads\/sites\/2\/2023\/06\/portada_maria_auxiliadora-1024x575.png\" \/>\n\t<meta property=\"og:image:width\" content=\"1024\" \/>\n\t<meta property=\"og:image:height\" content=\"575\" \/>\n\t<meta property=\"og:image:type\" content=\"image\/png\" \/>\n<meta name=\"author\" content=\"danielmeler\" \/>\n<meta name=\"twitter:card\" content=\"summary_large_image\" \/>\n<meta name=\"twitter:label1\" content=\"Escrito por\" \/>\n\t<meta name=\"twitter:data1\" content=\"danielmeler\" \/>\n\t<meta name=\"twitter:label2\" content=\"Tiempo de lectura\" \/>\n\t<meta name=\"twitter:data2\" content=\"3 minutos\" \/>\n<script type=\"application\/ld+json\" class=\"yoast-schema-graph\">{\"@context\":\"https:\\\/\\\/schema.org\",\"@graph\":[{\"@type\":\"Article\",\"@id\":\"https:\\\/\\\/monzon.salesianos.edu\\\/colegio\\\/celebracion-de-maria-auxiliadora\\\/#article\",\"isPartOf\":{\"@id\":\"https:\\\/\\\/monzon.salesianos.edu\\\/colegio\\\/celebracion-de-maria-auxiliadora\\\/\"},\"author\":{\"name\":\"danielmeler\",\"@id\":\"https:\\\/\\\/monzon.salesianos.edu\\\/colegio\\\/#\\\/schema\\\/person\\\/1cf23e390fdfcec5df68ee2f86e0ee2d\"},\"headline\":\"Celebraci\u00f3n de Mar\u00eda Auxiliadora\",\"datePublished\":\"2023-06-01T06:30:35+00:00\",\"dateModified\":\"2023-06-01T06:36:59+00:00\",\"mainEntityOfPage\":{\"@id\":\"https:\\\/\\\/monzon.salesianos.edu\\\/colegio\\\/celebracion-de-maria-auxiliadora\\\/\"},\"wordCount\":619,\"commentCount\":0,\"image\":{\"@id\":\"https:\\\/\\\/monzon.salesianos.edu\\\/colegio\\\/celebracion-de-maria-auxiliadora\\\/#primaryimage\"},\"thumbnailUrl\":\"https:\\\/\\\/monzon.salesianos.edu\\\/colegio\\\/wp-content\\\/uploads\\\/sites\\\/2\\\/2023\\\/06\\\/portada_maria_auxiliadora.png\",\"articleSection\":[\"Colegio\",\"Familia Salesiana\"],\"inLanguage\":\"es\",\"potentialAction\":[{\"@type\":\"CommentAction\",\"name\":\"Comment\",\"target\":[\"https:\\\/\\\/monzon.salesianos.edu\\\/colegio\\\/celebracion-de-maria-auxiliadora\\\/#respond\"]}]},{\"@type\":\"WebPage\",\"@id\":\"https:\\\/\\\/monzon.salesianos.edu\\\/colegio\\\/celebracion-de-maria-auxiliadora\\\/\",\"url\":\"https:\\\/\\\/monzon.salesianos.edu\\\/colegio\\\/celebracion-de-maria-auxiliadora\\\/\",\"name\":\"Celebraci\u00f3n de Mar\u00eda Auxiliadora - Colegio Santo Domingo Savio\",\"isPartOf\":{\"@id\":\"https:\\\/\\\/monzon.salesianos.edu\\\/colegio\\\/#website\"},\"primaryImageOfPage\":{\"@id\":\"https:\\\/\\\/monzon.salesianos.edu\\\/colegio\\\/celebracion-de-maria-auxiliadora\\\/#primaryimage\"},\"image\":{\"@id\":\"https:\\\/\\\/monzon.salesianos.edu\\\/colegio\\\/celebracion-de-maria-auxiliadora\\\/#primaryimage\"},\"thumbnailUrl\":\"https:\\\/\\\/monzon.salesianos.edu\\\/colegio\\\/wp-content\\\/uploads\\\/sites\\\/2\\\/2023\\\/06\\\/portada_maria_auxiliadora.png\",\"datePublished\":\"2023-06-01T06:30:35+00:00\",\"dateModified\":\"2023-06-01T06:36:59+00:00\",\"author\":{\"@id\":\"https:\\\/\\\/monzon.salesianos.edu\\\/colegio\\\/#\\\/schema\\\/person\\\/1cf23e390fdfcec5df68ee2f86e0ee2d\"},\"breadcrumb\":{\"@id\":\"https:\\\/\\\/monzon.salesianos.edu\\\/colegio\\\/celebracion-de-maria-auxiliadora\\\/#breadcrumb\"},\"inLanguage\":\"es\",\"potentialAction\":[{\"@type\":\"ReadAction\",\"target\":[\"https:\\\/\\\/monzon.salesianos.edu\\\/colegio\\\/celebracion-de-maria-auxiliadora\\\/\"]}]},{\"@type\":\"ImageObject\",\"inLanguage\":\"es\",\"@id\":\"https:\\\/\\\/monzon.salesianos.edu\\\/colegio\\\/celebracion-de-maria-auxiliadora\\\/#primaryimage\",\"url\":\"https:\\\/\\\/monzon.salesianos.edu\\\/colegio\\\/wp-content\\\/uploads\\\/sites\\\/2\\\/2023\\\/06\\\/portada_maria_auxiliadora.png\",\"contentUrl\":\"https:\\\/\\\/monzon.salesianos.edu\\\/colegio\\\/wp-content\\\/uploads\\\/sites\\\/2\\\/2023\\\/06\\\/portada_maria_auxiliadora.png\",\"width\":1649,\"height\":926},{\"@type\":\"BreadcrumbList\",\"@id\":\"https:\\\/\\\/monzon.salesianos.edu\\\/colegio\\\/celebracion-de-maria-auxiliadora\\\/#breadcrumb\",\"itemListElement\":[{\"@type\":\"ListItem\",\"position\":1,\"name\":\"Portada\",\"item\":\"https:\\\/\\\/monzon.salesianos.edu\\\/colegio\\\/\"},{\"@type\":\"ListItem\",\"position\":2,\"name\":\"Celebraci\u00f3n de Mar\u00eda Auxiliadora\"}]},{\"@type\":\"WebSite\",\"@id\":\"https:\\\/\\\/monzon.salesianos.edu\\\/colegio\\\/#website\",\"url\":\"https:\\\/\\\/monzon.salesianos.edu\\\/colegio\\\/\",\"name\":\"Colegio Santo Domingo Savio\",\"description\":\"P\u00e1gina oficial Salesianos Monz\u00f3n\",\"potentialAction\":[{\"@type\":\"SearchAction\",\"target\":{\"@type\":\"EntryPoint\",\"urlTemplate\":\"https:\\\/\\\/monzon.salesianos.edu\\\/colegio\\\/?s={search_term_string}\"},\"query-input\":{\"@type\":\"PropertyValueSpecification\",\"valueRequired\":true,\"valueName\":\"search_term_string\"}}],\"inLanguage\":\"es\"},{\"@type\":\"Person\",\"@id\":\"https:\\\/\\\/monzon.salesianos.edu\\\/colegio\\\/#\\\/schema\\\/person\\\/1cf23e390fdfcec5df68ee2f86e0ee2d\",\"name\":\"danielmeler\",\"image\":{\"@type\":\"ImageObject\",\"inLanguage\":\"es\",\"@id\":\"https:\\\/\\\/secure.gravatar.com\\\/avatar\\\/97a450d3b1e626ca68b8eba8d85faf291574499c72c9d77870c46aa8bd969acd?s=96&d=mm&r=g\",\"url\":\"https:\\\/\\\/secure.gravatar.com\\\/avatar\\\/97a450d3b1e626ca68b8eba8d85faf291574499c72c9d77870c46aa8bd969acd?s=96&d=mm&r=g\",\"contentUrl\":\"https:\\\/\\\/secure.gravatar.com\\\/avatar\\\/97a450d3b1e626ca68b8eba8d85faf291574499c72c9d77870c46aa8bd969acd?s=96&d=mm&r=g\",\"caption\":\"danielmeler\"}}]}<\/script>\n<!-- \/ Yoast SEO plugin. -->","yoast_head_json":{"title":"Celebraci\u00f3n de Mar\u00eda Auxiliadora - Colegio Santo Domingo Savio","robots":{"index":"index","follow":"follow","max-snippet":"max-snippet:-1","max-image-preview":"max-image-preview:large","max-video-preview":"max-video-preview:-1"},"canonical":"https:\/\/monzon.salesianos.edu\/colegio\/celebracion-de-maria-auxiliadora\/","og_locale":"es_ES","og_type":"article","og_title":"Celebraci\u00f3n de Mar\u00eda Auxiliadora - Colegio Santo Domingo Savio","og_description":"El d\u00eda 24 de mayo celebramos Mar\u00eda Auxiliadora, un gran d\u00eda para toda la familia de Salesianos porque fue Don Bosco el gran impulsor de la devoci\u00f3n y el cari\u00f1o a Mar\u00eda Auxiliadora.Por Carmen Cast\u00e1n La celebraci\u00f3n de la fiesta de Mar\u00eda Auxiliadora se realiza cada a\u00f1o con enorme j\u00fabilo en todo el mundo. All\u00ed [&hellip;]","og_url":"https:\/\/monzon.salesianos.edu\/colegio\/celebracion-de-maria-auxiliadora\/","og_site_name":"Colegio Santo Domingo Savio","article_published_time":"2023-06-01T06:30:35+00:00","article_modified_time":"2023-06-01T06:36:59+00:00","og_image":[{"width":1024,"height":575,"url":"https:\/\/monzon.salesianos.edu\/colegio\/wp-content\/uploads\/sites\/2\/2023\/06\/portada_maria_auxiliadora-1024x575.png","type":"image\/png"}],"author":"danielmeler","twitter_card":"summary_large_image","twitter_misc":{"Escrito por":"danielmeler","Tiempo de lectura":"3 minutos"},"schema":{"@context":"https:\/\/schema.org","@graph":[{"@type":"Article","@id":"https:\/\/monzon.salesianos.edu\/colegio\/celebracion-de-maria-auxiliadora\/#article","isPartOf":{"@id":"https:\/\/monzon.salesianos.edu\/colegio\/celebracion-de-maria-auxiliadora\/"},"author":{"name":"danielmeler","@id":"https:\/\/monzon.salesianos.edu\/colegio\/#\/schema\/person\/1cf23e390fdfcec5df68ee2f86e0ee2d"},"headline":"Celebraci\u00f3n de Mar\u00eda Auxiliadora","datePublished":"2023-06-01T06:30:35+00:00","dateModified":"2023-06-01T06:36:59+00:00","mainEntityOfPage":{"@id":"https:\/\/monzon.salesianos.edu\/colegio\/celebracion-de-maria-auxiliadora\/"},"wordCount":619,"commentCount":0,"image":{"@id":"https:\/\/monzon.salesianos.edu\/colegio\/celebracion-de-maria-auxiliadora\/#primaryimage"},"thumbnailUrl":"https:\/\/monzon.salesianos.edu\/colegio\/wp-content\/uploads\/sites\/2\/2023\/06\/portada_maria_auxiliadora.png","articleSection":["Colegio","Familia Salesiana"],"inLanguage":"es","potentialAction":[{"@type":"CommentAction","name":"Comment","target":["https:\/\/monzon.salesianos.edu\/colegio\/celebracion-de-maria-auxiliadora\/#respond"]}]},{"@type":"WebPage","@id":"https:\/\/monzon.salesianos.edu\/colegio\/celebracion-de-maria-auxiliadora\/","url":"https:\/\/monzon.salesianos.edu\/colegio\/celebracion-de-maria-auxiliadora\/","name":"Celebraci\u00f3n de Mar\u00eda Auxiliadora - Colegio Santo Domingo Savio","isPartOf":{"@id":"https:\/\/monzon.salesianos.edu\/colegio\/#website"},"primaryImageOfPage":{"@id":"https:\/\/monzon.salesianos.edu\/colegio\/celebracion-de-maria-auxiliadora\/#primaryimage"},"image":{"@id":"https:\/\/monzon.salesianos.edu\/colegio\/celebracion-de-maria-auxiliadora\/#primaryimage"},"thumbnailUrl":"https:\/\/monzon.salesianos.edu\/colegio\/wp-content\/uploads\/sites\/2\/2023\/06\/portada_maria_auxiliadora.png","datePublished":"2023-06-01T06:30:35+00:00","dateModified":"2023-06-01T06:36:59+00:00","author":{"@id":"https:\/\/monzon.salesianos.edu\/colegio\/#\/schema\/person\/1cf23e390fdfcec5df68ee2f86e0ee2d"},"breadcrumb":{"@id":"https:\/\/monzon.salesianos.edu\/colegio\/celebracion-de-maria-auxiliadora\/#breadcrumb"},"inLanguage":"es","potentialAction":[{"@type":"ReadAction","target":["https:\/\/monzon.salesianos.edu\/colegio\/celebracion-de-maria-auxiliadora\/"]}]},{"@type":"ImageObject","inLanguage":"es","@id":"https:\/\/monzon.salesianos.edu\/colegio\/celebracion-de-maria-auxiliadora\/#primaryimage","url":"https:\/\/monzon.salesianos.edu\/colegio\/wp-content\/uploads\/sites\/2\/2023\/06\/portada_maria_auxiliadora.png","contentUrl":"https:\/\/monzon.salesianos.edu\/colegio\/wp-content\/uploads\/sites\/2\/2023\/06\/portada_maria_auxiliadora.png","width":1649,"height":926},{"@type":"BreadcrumbList","@id":"https:\/\/monzon.salesianos.edu\/colegio\/celebracion-de-maria-auxiliadora\/#breadcrumb","itemListElement":[{"@type":"ListItem","position":1,"name":"Portada","item":"https:\/\/monzon.salesianos.edu\/colegio\/"},{"@type":"ListItem","position":2,"name":"Celebraci\u00f3n de Mar\u00eda Auxiliadora"}]},{"@type":"WebSite","@id":"https:\/\/monzon.salesianos.edu\/colegio\/#website","url":"https:\/\/monzon.salesianos.edu\/colegio\/","name":"Colegio Santo Domingo Savio","description":"P\u00e1gina oficial Salesianos Monz\u00f3n","potentialAction":[{"@type":"SearchAction","target":{"@type":"EntryPoint","urlTemplate":"https:\/\/monzon.salesianos.edu\/colegio\/?s={search_term_string}"},"query-input":{"@type":"PropertyValueSpecification","valueRequired":true,"valueName":"search_term_string"}}],"inLanguage":"es"},{"@type":"Person","@id":"https:\/\/monzon.salesianos.edu\/colegio\/#\/schema\/person\/1cf23e390fdfcec5df68ee2f86e0ee2d","name":"danielmeler","image":{"@type":"ImageObject","inLanguage":"es","@id":"https:\/\/secure.gravatar.com\/avatar\/97a450d3b1e626ca68b8eba8d85faf291574499c72c9d77870c46aa8bd969acd?s=96&d=mm&r=g","url":"https:\/\/secure.gravatar.com\/avatar\/97a450d3b1e626ca68b8eba8d85faf291574499c72c9d77870c46aa8bd969acd?s=96&d=mm&r=g","contentUrl":"https:\/\/secure.gravatar.com\/avatar\/97a450d3b1e626ca68b8eba8d85faf291574499c72c9d77870c46aa8bd969acd?s=96&d=mm&r=g","caption":"danielmeler"}}]}},"_links":{"self":[{"href":"https:\/\/monzon.salesianos.edu\/colegio\/wp-json\/wp\/v2\/posts\/11600","targetHints":{"allow":["GET"]}}],"collection":[{"href":"https:\/\/monzon.salesianos.edu\/colegio\/wp-json\/wp\/v2\/posts"}],"about":[{"href":"https:\/\/monzon.salesianos.edu\/colegio\/wp-json\/wp\/v2\/types\/post"}],"author":[{"embeddable":true,"href":"https:\/\/monzon.salesianos.edu\/colegio\/wp-json\/wp\/v2\/users\/8"}],"replies":[{"embeddable":true,"href":"https:\/\/monzon.salesianos.edu\/colegio\/wp-json\/wp\/v2\/comments?post=11600"}],"version-history":[{"count":2,"href":"https:\/\/monzon.salesianos.edu\/colegio\/wp-json\/wp\/v2\/posts\/11600\/revisions"}],"predecessor-version":[{"id":11618,"href":"https:\/\/monzon.salesianos.edu\/colegio\/wp-json\/wp\/v2\/posts\/11600\/revisions\/11618"}],"wp:featuredmedia":[{"embeddable":true,"href":"https:\/\/monzon.salesianos.edu\/colegio\/wp-json\/wp\/v2\/media\/11601"}],"wp:attachment":[{"href":"https:\/\/monzon.salesianos.edu\/colegio\/wp-json\/wp\/v2\/media?parent=11600"}],"wp:term":[{"taxonomy":"category","embeddable":true,"href":"https:\/\/monzon.salesianos.edu\/colegio\/wp-json\/wp\/v2\/categories?post=11600"},{"taxonomy":"post_tag","embeddable":true,"href":"https:\/\/monzon.salesianos.edu\/colegio\/wp-json\/wp\/v2\/tags?post=11600"}],"curies":[{"name":"wp","href":"https:\/\/api.w.org\/{rel}","templated":true}]}}