{"id":11307,"date":"2023-01-13T09:27:06","date_gmt":"2023-01-13T08:27:06","guid":{"rendered":"https:\/\/monzon.salesianos.edu\/colegio\/?p=11307"},"modified":"2023-01-13T09:29:33","modified_gmt":"2023-01-13T08:29:33","slug":"viaje-a-paris-de-los-alumnos-de-bachillerato","status":"publish","type":"post","link":"https:\/\/monzon.salesianos.edu\/colegio\/viaje-a-paris-de-los-alumnos-de-bachillerato\/","title":{"rendered":"Viaje a Par\u00eds de los alumnos de Bachillerato"},"content":{"rendered":"<p>[et_pb_section fb_built=\u00bb1&#8243; admin_label=\u00bbsection\u00bb _builder_version=\u00bb4.16&#8243; global_colors_info=\u00bb{}\u00bb theme_builder_area=\u00bbpost_content\u00bb][et_pb_row admin_label=\u00bbrow\u00bb _builder_version=\u00bb4.16&#8243; background_size=\u00bbinitial\u00bb background_position=\u00bbtop_left\u00bb background_repeat=\u00bbrepeat\u00bb global_colors_info=\u00bb{}\u00bb theme_builder_area=\u00bbpost_content\u00bb][et_pb_column type=\u00bb4_4&#8243; _builder_version=\u00bb4.16&#8243; custom_padding=\u00bb|||\u00bb global_colors_info=\u00bb{}\u00bb custom_padding__hover=\u00bb|||\u00bb theme_builder_area=\u00bbpost_content\u00bb][et_pb_text admin_label=\u00bbEntradilla (Texto)\u00bb _builder_version=\u00bb4.19.0&#8243; text_font=\u00bb|on|||\u00bb text_orientation=\u00bbjustified\u00bb border_style=\u00bbsolid\u00bb global_colors_info=\u00bb{}\u00bb theme_builder_area=\u00bbpost_content\u00bb]<\/p>\n<p>Antes de las vacaciones de Navidad, del 14 al 18 de diciembre los alumnos que cursan la asignatura de Franc\u00e9s en bachillerato han podido disfrutar del ya tradicional viaje a Par\u00eds.<\/p>\n<p>[\/et_pb_text][et_pb_text admin_label=\u00bbAutor (Texto)\u00bb _builder_version=\u00bb4.19.0&#8243; text_font=\u00bb||on||\u00bb border_style=\u00bbsolid\u00bb global_colors_info=\u00bb{}\u00bb theme_builder_area=\u00bbpost_content\u00bb]<\/p>\n<p>Por Carmen Cast\u00e1n<\/p>\n<p>[\/et_pb_text][et_pb_text admin_label=\u00bbDesarrollo (Texto)\u00bb _builder_version=\u00bb4.19.0&#8243; text_orientation=\u00bbjustified\u00bb border_style=\u00bbsolid\u00bb global_colors_info=\u00bb{}\u00bb theme_builder_area=\u00bbpost_content\u00bb]<\/p>\n<p>Una experiencia inolvidable de cinco d\u00edas donde m\u00e1s de diecis\u00e9is alumnos acompa\u00f1ados de dos profesores, Jorge Alquezar y Lorena Crespo, han podido, durante estos d\u00edas, practicar la lengua francesa, convivir\u00a0y empaparse de la cultura de nuestro pa\u00eds vecino y visitar monumentos y obras art\u00edsticas de ensue\u00f1o.<\/p>\n<p>Muchos de ellos lo han definido como\u00a0<em>\u00abEL viaje de mi vida\u00bb,<\/em> s\u00edntoma de lo que disfrutan nuestros alumnos cada vez que tienen la oportunidad de viajar y vivir otras experiencias.<\/p>\n<p>Durante la estancia en la ciudad de la luz, pudieron visitar el Palacio Nacional de los Inv\u00e1lidos (<strong>uno de los\u00a0<a href=\"https:\/\/www.paris.es\/que-ver\">monumentos m\u00e1s importantes de Par\u00eds<\/a>\u00a0<\/strong>y que acoge la sepultura de uno de los personajes m\u00e1s ic\u00f3nicos del pa\u00eds:\u00a0<strong>Napole\u00f3n) <\/strong>, subir hasta lo alto de la Torre Eiffel (icono de la ciudad), pasearse por el barrio de Montmatre (uno de los barrios m\u00e1s encantadores de Par\u00eds, caracterizado por sus colinas de calles empedradas y ambiente bohemio desinhibido y que atrajo a artistas como Toulouse-Lautrec, Van Gogh y Picasso durante la Belle \u00c9poque) y disfrutar de su arte callejero y sus pintores de calle.<\/p>\n<p>No pod\u00eda faltar las visitas a los museos del Louvre, Orsay y Pompidou, tres de los museos m\u00e1s importantes de la ciudad.<\/p>\n<p>As\u00ed mismo, pudieron trabajar sobre la historia de la moda en las Galerias\u00a0Lafayette y desde el mirador de su \u00faltimo piso pudieron disfrutar de las espectaculares vistas de la ciudad.<\/p>\n<p>Como colof\u00f3n a esta inolvidable\u00a0visita, pudieron reunirse con alumnos de otros dos colegios salesianos en Par\u00eds: El colegio de<em>\u00a0La Providence\u00a0<\/em>y la universidad\u00a0DBIMA\u00a0de los cuales esperamos su visita. Nos encanta conocer a alumnos de otras casas salesianas del mundo porque es mucho m\u00e1s lo que nos une que lo que nos separa. Don Bosco y su legado nos unen.<\/p>\n<p>Este viaje se ha convertido ya en una tradici\u00f3n para los alumnos que cursan Franc\u00e9s como optativa.<\/p>\n<p>En Salesianos, este curso, ABRIMOS CAMINOS viajando y viviendo experiencias tan enriquecedoras como \u00e9sta.<\/p>\n<p>\u00a1Hasta pronto, Paris!<\/p>\n<p>[\/et_pb_text][et_pb_image src=\u00bbhttps:\/\/monzon.salesianos.edu\/wp-content\/uploads\/2023\/01\/WhatsApp-Image-2022-12-19-at-19.30.17.jpeg\u00bb title_text=\u00bbWhatsApp Image 2022-12-19 at 19.30.17&#8243; _builder_version=\u00bb4.19.0&#8243; _module_preset=\u00bbdefault\u00bb global_colors_info=\u00bb{}\u00bb theme_builder_area=\u00bbpost_content\u00bb][\/et_pb_image][et_pb_text disabled_on=\u00bbon|on|on\u00bb admin_label=\u00bbT\u00edtulo: Galer\u00eda de fotos (Texto)\u00bb _builder_version=\u00bb4.16&#8243; text_font=\u00bb|on|||\u00bb text_text_color=\u00bb#dc001b\u00bb border_style=\u00bbsolid\u00bb disabled=\u00bbon\u00bb global_colors_info=\u00bb{}\u00bb theme_builder_area=\u00bbpost_content\u00bb]Galer\u00eda de im\u00e1genes<br \/>\n[\/et_pb_text][et_pb_gallery posts_number=\u00bb8&#8243; show_title_and_caption=\u00bboff\u00bb zoom_icon_color=\u00bb#dc001b\u00bb hover_icon=\u00bb&#x54;||divi||400&#8243; disabled_on=\u00bbon|on|on\u00bb admin_label=\u00bbGaler\u00eda\u00bb _builder_version=\u00bb4.16&#8243; border_style=\u00bbsolid\u00bb disabled=\u00bbon\u00bb global_colors_info=\u00bb{}\u00bb theme_builder_area=\u00bbpost_content\u00bb][\/et_pb_gallery][et_pb_video disabled_on=\u00bbon|on|on\u00bb admin_label=\u00bbV\u00eddeo\u00bb _builder_version=\u00bb4.16&#8243; disabled=\u00bbon\u00bb global_colors_info=\u00bb{}\u00bb theme_builder_area=\u00bbpost_content\u00bb][\/et_pb_video][\/et_pb_column][\/et_pb_row][\/et_pb_section]<\/p>\n","protected":false},"excerpt":{"rendered":"<p>Antes de las vacaciones de Navidad, del 14 al 18 de diciembre los alumnos que cursan la asignatura de Franc\u00e9s en bachillerato han podido disfrutar del ya tradicional viaje a Par\u00eds.Por Carmen Cast\u00e1nUna experiencia inolvidable de cinco d\u00edas donde m\u00e1s de diecis\u00e9is alumnos acompa\u00f1ados de dos profesores, Jorge Alquezar y Lorena Crespo, han podido, durante [&hellip;]<\/p>\n","protected":false},"author":3,"featured_media":11308,"comment_status":"open","ping_status":"open","sticky":false,"template":"","format":"standard","meta":{"_et_pb_use_builder":"on","_et_pb_old_content":"","_et_gb_content_width":"","footnotes":""},"categories":[10],"tags":[],"class_list":["post-11307","post","type-post","status-publish","format-standard","has-post-thumbnail","hentry","category-colegio"],"yoast_head":"<!-- This site is optimized with the Yoast SEO plugin v28.4 - https:\/\/yoast.com\/product\/yoast-seo-wordpress\/ -->\n<title>Viaje a Par\u00eds de los alumnos de Bachillerato - Colegio Santo Domingo Savio<\/title>\n<meta name=\"description\" content=\"Del 14 al 18 de diciembre los alumnos y alumnas que cursan Franc\u00e9s en bachillerato han podido disfrutar del ya tradicional viaje a Par\u00eds.\" \/>\n<meta name=\"robots\" content=\"index, follow, max-snippet:-1, max-image-preview:large, max-video-preview:-1\" \/>\n<link rel=\"canonical\" href=\"https:\/\/monzon.salesianos.edu\/colegio\/viaje-a-paris-de-los-alumnos-de-bachillerato\/\" \/>\n<meta property=\"og:locale\" content=\"es_ES\" \/>\n<meta property=\"og:type\" content=\"article\" \/>\n<meta property=\"og:title\" content=\"Viaje a Par\u00eds de los alumnos de Bachillerato - Colegio Santo Domingo Savio\" \/>\n<meta property=\"og:description\" content=\"Del 14 al 18 de diciembre los alumnos y alumnas que cursan Franc\u00e9s en bachillerato han podido disfrutar del ya tradicional viaje a Par\u00eds.\" \/>\n<meta property=\"og:url\" content=\"https:\/\/monzon.salesianos.edu\/colegio\/viaje-a-paris-de-los-alumnos-de-bachillerato\/\" \/>\n<meta property=\"og:site_name\" content=\"Colegio Santo Domingo Savio\" \/>\n<meta property=\"article:published_time\" content=\"2023-01-13T08:27:06+00:00\" \/>\n<meta property=\"article:modified_time\" content=\"2023-01-13T08:29:33+00:00\" \/>\n<meta property=\"og:image\" content=\"https:\/\/monzon.salesianos.edu\/colegio\/wp-content\/uploads\/sites\/2\/2023\/01\/PORTADAPARIS22.jpeg\" \/>\n\t<meta property=\"og:image:width\" content=\"1649\" \/>\n\t<meta property=\"og:image:height\" content=\"926\" \/>\n\t<meta property=\"og:image:type\" content=\"image\/jpeg\" \/>\n<meta name=\"author\" content=\"Gestor Web\" \/>\n<meta name=\"twitter:card\" content=\"summary_large_image\" \/>\n<meta name=\"twitter:label1\" content=\"Escrito por\" \/>\n\t<meta name=\"twitter:data1\" content=\"Gestor Web\" \/>\n\t<meta name=\"twitter:label2\" content=\"Tiempo de lectura\" \/>\n\t<meta name=\"twitter:data2\" content=\"3 minutos\" \/>\n<script type=\"application\/ld+json\" class=\"yoast-schema-graph\">{\"@context\":\"https:\\\/\\\/schema.org\",\"@graph\":[{\"@type\":\"Article\",\"@id\":\"https:\\\/\\\/monzon.salesianos.edu\\\/colegio\\\/viaje-a-paris-de-los-alumnos-de-bachillerato\\\/#article\",\"isPartOf\":{\"@id\":\"https:\\\/\\\/monzon.salesianos.edu\\\/colegio\\\/viaje-a-paris-de-los-alumnos-de-bachillerato\\\/\"},\"author\":{\"name\":\"Gestor Web\",\"@id\":\"https:\\\/\\\/monzon.salesianos.edu\\\/colegio\\\/#\\\/schema\\\/person\\\/dfdb4afc92a954e307946b4c7b72b0f4\"},\"headline\":\"Viaje a Par\u00eds de los alumnos de Bachillerato\",\"datePublished\":\"2023-01-13T08:27:06+00:00\",\"dateModified\":\"2023-01-13T08:29:33+00:00\",\"mainEntityOfPage\":{\"@id\":\"https:\\\/\\\/monzon.salesianos.edu\\\/colegio\\\/viaje-a-paris-de-los-alumnos-de-bachillerato\\\/\"},\"wordCount\":712,\"commentCount\":0,\"image\":{\"@id\":\"https:\\\/\\\/monzon.salesianos.edu\\\/colegio\\\/viaje-a-paris-de-los-alumnos-de-bachillerato\\\/#primaryimage\"},\"thumbnailUrl\":\"https:\\\/\\\/monzon.salesianos.edu\\\/colegio\\\/wp-content\\\/uploads\\\/sites\\\/2\\\/2023\\\/01\\\/PORTADAPARIS22.jpeg\",\"articleSection\":[\"Colegio\"],\"inLanguage\":\"es\",\"potentialAction\":[{\"@type\":\"CommentAction\",\"name\":\"Comment\",\"target\":[\"https:\\\/\\\/monzon.salesianos.edu\\\/colegio\\\/viaje-a-paris-de-los-alumnos-de-bachillerato\\\/#respond\"]}]},{\"@type\":\"WebPage\",\"@id\":\"https:\\\/\\\/monzon.salesianos.edu\\\/colegio\\\/viaje-a-paris-de-los-alumnos-de-bachillerato\\\/\",\"url\":\"https:\\\/\\\/monzon.salesianos.edu\\\/colegio\\\/viaje-a-paris-de-los-alumnos-de-bachillerato\\\/\",\"name\":\"Viaje a Par\u00eds de los alumnos de Bachillerato - Colegio Santo Domingo Savio\",\"isPartOf\":{\"@id\":\"https:\\\/\\\/monzon.salesianos.edu\\\/colegio\\\/#website\"},\"primaryImageOfPage\":{\"@id\":\"https:\\\/\\\/monzon.salesianos.edu\\\/colegio\\\/viaje-a-paris-de-los-alumnos-de-bachillerato\\\/#primaryimage\"},\"image\":{\"@id\":\"https:\\\/\\\/monzon.salesianos.edu\\\/colegio\\\/viaje-a-paris-de-los-alumnos-de-bachillerato\\\/#primaryimage\"},\"thumbnailUrl\":\"https:\\\/\\\/monzon.salesianos.edu\\\/colegio\\\/wp-content\\\/uploads\\\/sites\\\/2\\\/2023\\\/01\\\/PORTADAPARIS22.jpeg\",\"datePublished\":\"2023-01-13T08:27:06+00:00\",\"dateModified\":\"2023-01-13T08:29:33+00:00\",\"author\":{\"@id\":\"https:\\\/\\\/monzon.salesianos.edu\\\/colegio\\\/#\\\/schema\\\/person\\\/dfdb4afc92a954e307946b4c7b72b0f4\"},\"description\":\"Del 14 al 18 de diciembre los alumnos y alumnas que cursan Franc\u00e9s en bachillerato han podido disfrutar del ya tradicional viaje a Par\u00eds.\",\"breadcrumb\":{\"@id\":\"https:\\\/\\\/monzon.salesianos.edu\\\/colegio\\\/viaje-a-paris-de-los-alumnos-de-bachillerato\\\/#breadcrumb\"},\"inLanguage\":\"es\",\"potentialAction\":[{\"@type\":\"ReadAction\",\"target\":[\"https:\\\/\\\/monzon.salesianos.edu\\\/colegio\\\/viaje-a-paris-de-los-alumnos-de-bachillerato\\\/\"]}]},{\"@type\":\"ImageObject\",\"inLanguage\":\"es\",\"@id\":\"https:\\\/\\\/monzon.salesianos.edu\\\/colegio\\\/viaje-a-paris-de-los-alumnos-de-bachillerato\\\/#primaryimage\",\"url\":\"https:\\\/\\\/monzon.salesianos.edu\\\/colegio\\\/wp-content\\\/uploads\\\/sites\\\/2\\\/2023\\\/01\\\/PORTADAPARIS22.jpeg\",\"contentUrl\":\"https:\\\/\\\/monzon.salesianos.edu\\\/colegio\\\/wp-content\\\/uploads\\\/sites\\\/2\\\/2023\\\/01\\\/PORTADAPARIS22.jpeg\",\"width\":1649,\"height\":926},{\"@type\":\"BreadcrumbList\",\"@id\":\"https:\\\/\\\/monzon.salesianos.edu\\\/colegio\\\/viaje-a-paris-de-los-alumnos-de-bachillerato\\\/#breadcrumb\",\"itemListElement\":[{\"@type\":\"ListItem\",\"position\":1,\"name\":\"Portada\",\"item\":\"https:\\\/\\\/monzon.salesianos.edu\\\/colegio\\\/\"},{\"@type\":\"ListItem\",\"position\":2,\"name\":\"Viaje a Par\u00eds de los alumnos de Bachillerato\"}]},{\"@type\":\"WebSite\",\"@id\":\"https:\\\/\\\/monzon.salesianos.edu\\\/colegio\\\/#website\",\"url\":\"https:\\\/\\\/monzon.salesianos.edu\\\/colegio\\\/\",\"name\":\"Colegio Santo Domingo Savio\",\"description\":\"P\u00e1gina oficial Salesianos Monz\u00f3n\",\"potentialAction\":[{\"@type\":\"SearchAction\",\"target\":{\"@type\":\"EntryPoint\",\"urlTemplate\":\"https:\\\/\\\/monzon.salesianos.edu\\\/colegio\\\/?s={search_term_string}\"},\"query-input\":{\"@type\":\"PropertyValueSpecification\",\"valueRequired\":true,\"valueName\":\"search_term_string\"}}],\"inLanguage\":\"es\"},{\"@type\":\"Person\",\"@id\":\"https:\\\/\\\/monzon.salesianos.edu\\\/colegio\\\/#\\\/schema\\\/person\\\/dfdb4afc92a954e307946b4c7b72b0f4\",\"name\":\"Gestor Web\",\"image\":{\"@type\":\"ImageObject\",\"inLanguage\":\"es\",\"@id\":\"https:\\\/\\\/secure.gravatar.com\\\/avatar\\\/1e1fd8b2db3835fefe4cba3e9e0f57e2c8b7a51b7525c8a5e5f612d69fe34a31?s=96&d=mm&r=g\",\"url\":\"https:\\\/\\\/secure.gravatar.com\\\/avatar\\\/1e1fd8b2db3835fefe4cba3e9e0f57e2c8b7a51b7525c8a5e5f612d69fe34a31?s=96&d=mm&r=g\",\"contentUrl\":\"https:\\\/\\\/secure.gravatar.com\\\/avatar\\\/1e1fd8b2db3835fefe4cba3e9e0f57e2c8b7a51b7525c8a5e5f612d69fe34a31?s=96&d=mm&r=g\",\"caption\":\"Gestor Web\"}}]}<\/script>\n<!-- \/ Yoast SEO plugin. -->","yoast_head_json":{"title":"Viaje a Par\u00eds de los alumnos de Bachillerato - Colegio Santo Domingo Savio","description":"Del 14 al 18 de diciembre los alumnos y alumnas que cursan Franc\u00e9s en bachillerato han podido disfrutar del ya tradicional viaje a Par\u00eds.","robots":{"index":"index","follow":"follow","max-snippet":"max-snippet:-1","max-image-preview":"max-image-preview:large","max-video-preview":"max-video-preview:-1"},"canonical":"https:\/\/monzon.salesianos.edu\/colegio\/viaje-a-paris-de-los-alumnos-de-bachillerato\/","og_locale":"es_ES","og_type":"article","og_title":"Viaje a Par\u00eds de los alumnos de Bachillerato - Colegio Santo Domingo Savio","og_description":"Del 14 al 18 de diciembre los alumnos y alumnas que cursan Franc\u00e9s en bachillerato han podido disfrutar del ya tradicional viaje a Par\u00eds.","og_url":"https:\/\/monzon.salesianos.edu\/colegio\/viaje-a-paris-de-los-alumnos-de-bachillerato\/","og_site_name":"Colegio Santo Domingo Savio","article_published_time":"2023-01-13T08:27:06+00:00","article_modified_time":"2023-01-13T08:29:33+00:00","og_image":[{"width":1649,"height":926,"url":"https:\/\/monzon.salesianos.edu\/colegio\/wp-content\/uploads\/sites\/2\/2023\/01\/PORTADAPARIS22.jpeg","type":"image\/jpeg"}],"author":"Gestor Web","twitter_card":"summary_large_image","twitter_misc":{"Escrito por":"Gestor Web","Tiempo de lectura":"3 minutos"},"schema":{"@context":"https:\/\/schema.org","@graph":[{"@type":"Article","@id":"https:\/\/monzon.salesianos.edu\/colegio\/viaje-a-paris-de-los-alumnos-de-bachillerato\/#article","isPartOf":{"@id":"https:\/\/monzon.salesianos.edu\/colegio\/viaje-a-paris-de-los-alumnos-de-bachillerato\/"},"author":{"name":"Gestor Web","@id":"https:\/\/monzon.salesianos.edu\/colegio\/#\/schema\/person\/dfdb4afc92a954e307946b4c7b72b0f4"},"headline":"Viaje a Par\u00eds de los alumnos de Bachillerato","datePublished":"2023-01-13T08:27:06+00:00","dateModified":"2023-01-13T08:29:33+00:00","mainEntityOfPage":{"@id":"https:\/\/monzon.salesianos.edu\/colegio\/viaje-a-paris-de-los-alumnos-de-bachillerato\/"},"wordCount":712,"commentCount":0,"image":{"@id":"https:\/\/monzon.salesianos.edu\/colegio\/viaje-a-paris-de-los-alumnos-de-bachillerato\/#primaryimage"},"thumbnailUrl":"https:\/\/monzon.salesianos.edu\/colegio\/wp-content\/uploads\/sites\/2\/2023\/01\/PORTADAPARIS22.jpeg","articleSection":["Colegio"],"inLanguage":"es","potentialAction":[{"@type":"CommentAction","name":"Comment","target":["https:\/\/monzon.salesianos.edu\/colegio\/viaje-a-paris-de-los-alumnos-de-bachillerato\/#respond"]}]},{"@type":"WebPage","@id":"https:\/\/monzon.salesianos.edu\/colegio\/viaje-a-paris-de-los-alumnos-de-bachillerato\/","url":"https:\/\/monzon.salesianos.edu\/colegio\/viaje-a-paris-de-los-alumnos-de-bachillerato\/","name":"Viaje a Par\u00eds de los alumnos de Bachillerato - Colegio Santo Domingo Savio","isPartOf":{"@id":"https:\/\/monzon.salesianos.edu\/colegio\/#website"},"primaryImageOfPage":{"@id":"https:\/\/monzon.salesianos.edu\/colegio\/viaje-a-paris-de-los-alumnos-de-bachillerato\/#primaryimage"},"image":{"@id":"https:\/\/monzon.salesianos.edu\/colegio\/viaje-a-paris-de-los-alumnos-de-bachillerato\/#primaryimage"},"thumbnailUrl":"https:\/\/monzon.salesianos.edu\/colegio\/wp-content\/uploads\/sites\/2\/2023\/01\/PORTADAPARIS22.jpeg","datePublished":"2023-01-13T08:27:06+00:00","dateModified":"2023-01-13T08:29:33+00:00","author":{"@id":"https:\/\/monzon.salesianos.edu\/colegio\/#\/schema\/person\/dfdb4afc92a954e307946b4c7b72b0f4"},"description":"Del 14 al 18 de diciembre los alumnos y alumnas que cursan Franc\u00e9s en bachillerato han podido disfrutar del ya tradicional viaje a Par\u00eds.","breadcrumb":{"@id":"https:\/\/monzon.salesianos.edu\/colegio\/viaje-a-paris-de-los-alumnos-de-bachillerato\/#breadcrumb"},"inLanguage":"es","potentialAction":[{"@type":"ReadAction","target":["https:\/\/monzon.salesianos.edu\/colegio\/viaje-a-paris-de-los-alumnos-de-bachillerato\/"]}]},{"@type":"ImageObject","inLanguage":"es","@id":"https:\/\/monzon.salesianos.edu\/colegio\/viaje-a-paris-de-los-alumnos-de-bachillerato\/#primaryimage","url":"https:\/\/monzon.salesianos.edu\/colegio\/wp-content\/uploads\/sites\/2\/2023\/01\/PORTADAPARIS22.jpeg","contentUrl":"https:\/\/monzon.salesianos.edu\/colegio\/wp-content\/uploads\/sites\/2\/2023\/01\/PORTADAPARIS22.jpeg","width":1649,"height":926},{"@type":"BreadcrumbList","@id":"https:\/\/monzon.salesianos.edu\/colegio\/viaje-a-paris-de-los-alumnos-de-bachillerato\/#breadcrumb","itemListElement":[{"@type":"ListItem","position":1,"name":"Portada","item":"https:\/\/monzon.salesianos.edu\/colegio\/"},{"@type":"ListItem","position":2,"name":"Viaje a Par\u00eds de los alumnos de Bachillerato"}]},{"@type":"WebSite","@id":"https:\/\/monzon.salesianos.edu\/colegio\/#website","url":"https:\/\/monzon.salesianos.edu\/colegio\/","name":"Colegio Santo Domingo Savio","description":"P\u00e1gina oficial Salesianos Monz\u00f3n","potentialAction":[{"@type":"SearchAction","target":{"@type":"EntryPoint","urlTemplate":"https:\/\/monzon.salesianos.edu\/colegio\/?s={search_term_string}"},"query-input":{"@type":"PropertyValueSpecification","valueRequired":true,"valueName":"search_term_string"}}],"inLanguage":"es"},{"@type":"Person","@id":"https:\/\/monzon.salesianos.edu\/colegio\/#\/schema\/person\/dfdb4afc92a954e307946b4c7b72b0f4","name":"Gestor Web","image":{"@type":"ImageObject","inLanguage":"es","@id":"https:\/\/secure.gravatar.com\/avatar\/1e1fd8b2db3835fefe4cba3e9e0f57e2c8b7a51b7525c8a5e5f612d69fe34a31?s=96&d=mm&r=g","url":"https:\/\/secure.gravatar.com\/avatar\/1e1fd8b2db3835fefe4cba3e9e0f57e2c8b7a51b7525c8a5e5f612d69fe34a31?s=96&d=mm&r=g","contentUrl":"https:\/\/secure.gravatar.com\/avatar\/1e1fd8b2db3835fefe4cba3e9e0f57e2c8b7a51b7525c8a5e5f612d69fe34a31?s=96&d=mm&r=g","caption":"Gestor Web"}}]}},"_links":{"self":[{"href":"https:\/\/monzon.salesianos.edu\/colegio\/wp-json\/wp\/v2\/posts\/11307","targetHints":{"allow":["GET"]}}],"collection":[{"href":"https:\/\/monzon.salesianos.edu\/colegio\/wp-json\/wp\/v2\/posts"}],"about":[{"href":"https:\/\/monzon.salesianos.edu\/colegio\/wp-json\/wp\/v2\/types\/post"}],"author":[{"embeddable":true,"href":"https:\/\/monzon.salesianos.edu\/colegio\/wp-json\/wp\/v2\/users\/3"}],"replies":[{"embeddable":true,"href":"https:\/\/monzon.salesianos.edu\/colegio\/wp-json\/wp\/v2\/comments?post=11307"}],"version-history":[{"count":2,"href":"https:\/\/monzon.salesianos.edu\/colegio\/wp-json\/wp\/v2\/posts\/11307\/revisions"}],"predecessor-version":[{"id":11310,"href":"https:\/\/monzon.salesianos.edu\/colegio\/wp-json\/wp\/v2\/posts\/11307\/revisions\/11310"}],"wp:featuredmedia":[{"embeddable":true,"href":"https:\/\/monzon.salesianos.edu\/colegio\/wp-json\/wp\/v2\/media\/11308"}],"wp:attachment":[{"href":"https:\/\/monzon.salesianos.edu\/colegio\/wp-json\/wp\/v2\/media?parent=11307"}],"wp:term":[{"taxonomy":"category","embeddable":true,"href":"https:\/\/monzon.salesianos.edu\/colegio\/wp-json\/wp\/v2\/categories?post=11307"},{"taxonomy":"post_tag","embeddable":true,"href":"https:\/\/monzon.salesianos.edu\/colegio\/wp-json\/wp\/v2\/tags?post=11307"}],"curies":[{"name":"wp","href":"https:\/\/api.w.org\/{rel}","templated":true}]}}