{"id":11015,"date":"2022-05-23T20:15:53","date_gmt":"2022-05-23T19:15:53","guid":{"rendered":"https:\/\/monzon.salesianos.edu\/colegio\/salesianos-monzon-con-los-refugiados\/"},"modified":"2022-05-23T20:15:53","modified_gmt":"2022-05-23T19:15:53","slug":"salesianos-monzon-con-los-refugiados","status":"publish","type":"post","link":"https:\/\/monzon.salesianos.edu\/colegio\/salesianos-monzon-con-los-refugiados\/","title":{"rendered":"Salesianos Monz\u00f3n con los refugiados"},"content":{"rendered":"<p>[et_pb_section fb_built=\u00bb1&#8243; admin_label=\u00bbsection\u00bb _builder_version=\u00bb4.16&#8243; global_colors_info=\u00bb{}\u00bb][et_pb_row admin_label=\u00bbrow\u00bb _builder_version=\u00bb4.16&#8243; background_size=\u00bbinitial\u00bb background_position=\u00bbtop_left\u00bb background_repeat=\u00bbrepeat\u00bb global_colors_info=\u00bb{}\u00bb][et_pb_column type=\u00bb4_4&#8243; _builder_version=\u00bb4.16&#8243; custom_padding=\u00bb|||\u00bb global_colors_info=\u00bb{}\u00bb custom_padding__hover=\u00bb|||\u00bb][et_pb_text admin_label=\u00bbEntradilla (Texto)\u00bb _builder_version=\u00bb4.17.4&#8243; text_font=\u00bb|on|||\u00bb text_orientation=\u00bbjustified\u00bb border_style=\u00bbsolid\u00bb global_colors_info=\u00bb{}\u00bb]La Casa Salesiana de Monz\u00f3n abre sus puertas a los refugiados ucranianos. [\/et_pb_text][et_pb_text admin_label=\u00bbAutor (Texto)\u00bb _builder_version=\u00bb4.17.4&#8243; text_font=\u00bb||on||\u00bb border_style=\u00bbsolid\u00bb global_colors_info=\u00bb{}\u00bb]Por Ana Garanto[\/et_pb_text][et_pb_text admin_label=\u00bbDesarrollo (Texto)\u00bb _builder_version=\u00bb4.17.4&#8243; text_orientation=\u00bbjustified\u00bb border_style=\u00bbsolid\u00bb global_colors_info=\u00bb{}\u00bb]Salesianos Monz\u00f3n ha decidido ceder las instalaciones de la Comunidad a C\u00e1ritas para poder albergar a los refugiados ucranianos que lo necesiten debido a la situaci\u00f3n de guerra que est\u00e1n viviendo en su pa\u00eds. El acuerdo con C\u00e1ritas se firm\u00f3 el 9 de abril. La gesti\u00f3n y el mantenimiento de la casa, as\u00ed como la alimentaci\u00f3n de las familias, correr\u00e1 a cargo de C\u00e1ritas. <\/p>\n<p>De forma gratuita, el colegio cede la vivienda donde resid\u00edan los Salesianos hasta finales de diciembre de este a\u00f1o. Hay un total de 8 dormitorios con ba\u00f1o adem\u00e1s de cocina, comedor, sal\u00f3n, lavander\u00eda y despensa. La vivienda est\u00e1 totalmente equipada para que puedan alojarse un par de familias, preferentemente con ni\u00f1os, puesto que son los ni\u00f1os y los j\u00f3venes la principal preocupaci\u00f3n para los Salesianos al seguir el ejemplo de Don Bosco, padre y maestro de la juventud. Adem\u00e1s, podr\u00e1n usar tambi\u00e9n el amplio patio del que dispone el colegio. <\/p>\n<p>Esta no ha sido la \u00fanica acci\u00f3n que se ha realizado desde el colegio para ayudar a los m\u00e1s necesitados puesto que se llev\u00f3 a cabo recogida de material de primera necesidad para enviar al pueblo ucraniano cuando el conflicto b\u00e9lico comenz\u00f3. [\/et_pb_text][et_pb_text disabled_on=\u00bbon|on|on\u00bb admin_label=\u00bbT\u00edtulo: Galer\u00eda de fotos (Texto)\u00bb _builder_version=\u00bb4.16&#8243; text_font=\u00bb|on|||\u00bb text_text_color=\u00bb#dc001b\u00bb border_style=\u00bbsolid\u00bb disabled=\u00bbon\u00bb global_colors_info=\u00bb{}\u00bb]Galer\u00eda de im\u00e1genes<br \/>\n[\/et_pb_text][et_pb_gallery posts_number=\u00bb8&#8243; show_title_and_caption=\u00bboff\u00bb zoom_icon_color=\u00bb#dc001b\u00bb hover_icon=\u00bb&#x54;||divi||400&#8243; disabled_on=\u00bbon|on|on\u00bb admin_label=\u00bbGaler\u00eda\u00bb _builder_version=\u00bb4.16&#8243; border_style=\u00bbsolid\u00bb disabled=\u00bbon\u00bb global_colors_info=\u00bb{}\u00bb][\/et_pb_gallery][et_pb_video disabled_on=\u00bbon|on|on\u00bb admin_label=\u00bbV\u00eddeo\u00bb _builder_version=\u00bb4.16&#8243; disabled=\u00bbon\u00bb global_colors_info=\u00bb{}\u00bb][\/et_pb_video][\/et_pb_column][\/et_pb_row][\/et_pb_section]<\/p>\n","protected":false},"excerpt":{"rendered":"<p>La Casa Salesiana de Monz\u00f3n abre sus puertas a los refugiados ucranianos. Por Ana GarantoSalesianos Monz\u00f3n ha decidido ceder las instalaciones de la Comunidad a C\u00e1ritas para poder albergar a los refugiados ucranianos que lo necesiten debido a la situaci\u00f3n de guerra que est\u00e1n viviendo en su pa\u00eds. El acuerdo con C\u00e1ritas se firm\u00f3 el [&hellip;]<\/p>\n","protected":false},"author":3,"featured_media":11016,"comment_status":"open","ping_status":"open","sticky":false,"template":"","format":"standard","meta":{"_et_pb_use_builder":"on","_et_pb_old_content":"","_et_gb_content_width":"","footnotes":""},"categories":[10,25],"tags":[],"class_list":["post-11015","post","type-post","status-publish","format-standard","has-post-thumbnail","hentry","category-colegio","category-familia-salesiana"],"yoast_head":"<!-- This site is optimized with the Yoast SEO plugin v28.4 - https:\/\/yoast.com\/product\/yoast-seo-wordpress\/ -->\n<title>Salesianos Monz\u00f3n con los refugiados - Colegio Santo Domingo Savio<\/title>\n<meta name=\"robots\" content=\"index, follow, max-snippet:-1, max-image-preview:large, max-video-preview:-1\" \/>\n<link rel=\"canonical\" href=\"https:\/\/monzon.salesianos.edu\/colegio\/salesianos-monzon-con-los-refugiados\/\" \/>\n<meta property=\"og:locale\" content=\"es_ES\" \/>\n<meta property=\"og:type\" content=\"article\" \/>\n<meta property=\"og:title\" content=\"Salesianos Monz\u00f3n con los refugiados - Colegio Santo Domingo Savio\" \/>\n<meta property=\"og:description\" content=\"La Casa Salesiana de Monz\u00f3n abre sus puertas a los refugiados ucranianos. Por Ana GarantoSalesianos Monz\u00f3n ha decidido ceder las instalaciones de la Comunidad a C\u00e1ritas para poder albergar a los refugiados ucranianos que lo necesiten debido a la situaci\u00f3n de guerra que est\u00e1n viviendo en su pa\u00eds. El acuerdo con C\u00e1ritas se firm\u00f3 el [&hellip;]\" \/>\n<meta property=\"og:url\" content=\"https:\/\/monzon.salesianos.edu\/colegio\/salesianos-monzon-con-los-refugiados\/\" \/>\n<meta property=\"og:site_name\" content=\"Colegio Santo Domingo Savio\" \/>\n<meta property=\"article:published_time\" content=\"2022-05-23T19:15:53+00:00\" \/>\n<meta property=\"og:image\" content=\"https:\/\/monzon.salesianos.edu\/colegio\/wp-content\/uploads\/sites\/2\/2022\/05\/PORTADA-UCRANIA.jpeg\" \/>\n\t<meta property=\"og:image:width\" content=\"1649\" \/>\n\t<meta property=\"og:image:height\" content=\"926\" \/>\n\t<meta property=\"og:image:type\" content=\"image\/jpeg\" \/>\n<meta name=\"author\" content=\"Gestor Web\" \/>\n<meta name=\"twitter:card\" content=\"summary_large_image\" \/>\n<meta name=\"twitter:label1\" content=\"Escrito por\" \/>\n\t<meta name=\"twitter:data1\" content=\"Gestor Web\" \/>\n\t<meta name=\"twitter:label2\" content=\"Tiempo de lectura\" \/>\n\t<meta name=\"twitter:data2\" content=\"2 minutos\" \/>\n<script type=\"application\/ld+json\" class=\"yoast-schema-graph\">{\"@context\":\"https:\\\/\\\/schema.org\",\"@graph\":[{\"@type\":\"Article\",\"@id\":\"https:\\\/\\\/monzon.salesianos.edu\\\/colegio\\\/salesianos-monzon-con-los-refugiados\\\/#article\",\"isPartOf\":{\"@id\":\"https:\\\/\\\/monzon.salesianos.edu\\\/colegio\\\/salesianos-monzon-con-los-refugiados\\\/\"},\"author\":{\"name\":\"Gestor Web\",\"@id\":\"https:\\\/\\\/monzon.salesianos.edu\\\/colegio\\\/#\\\/schema\\\/person\\\/dfdb4afc92a954e307946b4c7b72b0f4\"},\"headline\":\"Salesianos Monz\u00f3n con los refugiados\",\"datePublished\":\"2022-05-23T19:15:53+00:00\",\"mainEntityOfPage\":{\"@id\":\"https:\\\/\\\/monzon.salesianos.edu\\\/colegio\\\/salesianos-monzon-con-los-refugiados\\\/\"},\"wordCount\":470,\"commentCount\":0,\"image\":{\"@id\":\"https:\\\/\\\/monzon.salesianos.edu\\\/colegio\\\/salesianos-monzon-con-los-refugiados\\\/#primaryimage\"},\"thumbnailUrl\":\"https:\\\/\\\/monzon.salesianos.edu\\\/colegio\\\/wp-content\\\/uploads\\\/sites\\\/2\\\/2022\\\/05\\\/PORTADA-UCRANIA.jpeg\",\"articleSection\":[\"Colegio\",\"Familia Salesiana\"],\"inLanguage\":\"es\",\"potentialAction\":[{\"@type\":\"CommentAction\",\"name\":\"Comment\",\"target\":[\"https:\\\/\\\/monzon.salesianos.edu\\\/colegio\\\/salesianos-monzon-con-los-refugiados\\\/#respond\"]}]},{\"@type\":\"WebPage\",\"@id\":\"https:\\\/\\\/monzon.salesianos.edu\\\/colegio\\\/salesianos-monzon-con-los-refugiados\\\/\",\"url\":\"https:\\\/\\\/monzon.salesianos.edu\\\/colegio\\\/salesianos-monzon-con-los-refugiados\\\/\",\"name\":\"Salesianos Monz\u00f3n con los refugiados - Colegio Santo Domingo Savio\",\"isPartOf\":{\"@id\":\"https:\\\/\\\/monzon.salesianos.edu\\\/colegio\\\/#website\"},\"primaryImageOfPage\":{\"@id\":\"https:\\\/\\\/monzon.salesianos.edu\\\/colegio\\\/salesianos-monzon-con-los-refugiados\\\/#primaryimage\"},\"image\":{\"@id\":\"https:\\\/\\\/monzon.salesianos.edu\\\/colegio\\\/salesianos-monzon-con-los-refugiados\\\/#primaryimage\"},\"thumbnailUrl\":\"https:\\\/\\\/monzon.salesianos.edu\\\/colegio\\\/wp-content\\\/uploads\\\/sites\\\/2\\\/2022\\\/05\\\/PORTADA-UCRANIA.jpeg\",\"datePublished\":\"2022-05-23T19:15:53+00:00\",\"author\":{\"@id\":\"https:\\\/\\\/monzon.salesianos.edu\\\/colegio\\\/#\\\/schema\\\/person\\\/dfdb4afc92a954e307946b4c7b72b0f4\"},\"breadcrumb\":{\"@id\":\"https:\\\/\\\/monzon.salesianos.edu\\\/colegio\\\/salesianos-monzon-con-los-refugiados\\\/#breadcrumb\"},\"inLanguage\":\"es\",\"potentialAction\":[{\"@type\":\"ReadAction\",\"target\":[\"https:\\\/\\\/monzon.salesianos.edu\\\/colegio\\\/salesianos-monzon-con-los-refugiados\\\/\"]}]},{\"@type\":\"ImageObject\",\"inLanguage\":\"es\",\"@id\":\"https:\\\/\\\/monzon.salesianos.edu\\\/colegio\\\/salesianos-monzon-con-los-refugiados\\\/#primaryimage\",\"url\":\"https:\\\/\\\/monzon.salesianos.edu\\\/colegio\\\/wp-content\\\/uploads\\\/sites\\\/2\\\/2022\\\/05\\\/PORTADA-UCRANIA.jpeg\",\"contentUrl\":\"https:\\\/\\\/monzon.salesianos.edu\\\/colegio\\\/wp-content\\\/uploads\\\/sites\\\/2\\\/2022\\\/05\\\/PORTADA-UCRANIA.jpeg\",\"width\":1649,\"height\":926},{\"@type\":\"BreadcrumbList\",\"@id\":\"https:\\\/\\\/monzon.salesianos.edu\\\/colegio\\\/salesianos-monzon-con-los-refugiados\\\/#breadcrumb\",\"itemListElement\":[{\"@type\":\"ListItem\",\"position\":1,\"name\":\"Portada\",\"item\":\"https:\\\/\\\/monzon.salesianos.edu\\\/colegio\\\/\"},{\"@type\":\"ListItem\",\"position\":2,\"name\":\"Salesianos Monz\u00f3n con los refugiados\"}]},{\"@type\":\"WebSite\",\"@id\":\"https:\\\/\\\/monzon.salesianos.edu\\\/colegio\\\/#website\",\"url\":\"https:\\\/\\\/monzon.salesianos.edu\\\/colegio\\\/\",\"name\":\"Colegio Santo Domingo Savio\",\"description\":\"P\u00e1gina oficial Salesianos Monz\u00f3n\",\"potentialAction\":[{\"@type\":\"SearchAction\",\"target\":{\"@type\":\"EntryPoint\",\"urlTemplate\":\"https:\\\/\\\/monzon.salesianos.edu\\\/colegio\\\/?s={search_term_string}\"},\"query-input\":{\"@type\":\"PropertyValueSpecification\",\"valueRequired\":true,\"valueName\":\"search_term_string\"}}],\"inLanguage\":\"es\"},{\"@type\":\"Person\",\"@id\":\"https:\\\/\\\/monzon.salesianos.edu\\\/colegio\\\/#\\\/schema\\\/person\\\/dfdb4afc92a954e307946b4c7b72b0f4\",\"name\":\"Gestor Web\",\"image\":{\"@type\":\"ImageObject\",\"inLanguage\":\"es\",\"@id\":\"https:\\\/\\\/secure.gravatar.com\\\/avatar\\\/1e1fd8b2db3835fefe4cba3e9e0f57e2c8b7a51b7525c8a5e5f612d69fe34a31?s=96&d=mm&r=g\",\"url\":\"https:\\\/\\\/secure.gravatar.com\\\/avatar\\\/1e1fd8b2db3835fefe4cba3e9e0f57e2c8b7a51b7525c8a5e5f612d69fe34a31?s=96&d=mm&r=g\",\"contentUrl\":\"https:\\\/\\\/secure.gravatar.com\\\/avatar\\\/1e1fd8b2db3835fefe4cba3e9e0f57e2c8b7a51b7525c8a5e5f612d69fe34a31?s=96&d=mm&r=g\",\"caption\":\"Gestor Web\"}}]}<\/script>\n<!-- \/ Yoast SEO plugin. -->","yoast_head_json":{"title":"Salesianos Monz\u00f3n con los refugiados - Colegio Santo Domingo Savio","robots":{"index":"index","follow":"follow","max-snippet":"max-snippet:-1","max-image-preview":"max-image-preview:large","max-video-preview":"max-video-preview:-1"},"canonical":"https:\/\/monzon.salesianos.edu\/colegio\/salesianos-monzon-con-los-refugiados\/","og_locale":"es_ES","og_type":"article","og_title":"Salesianos Monz\u00f3n con los refugiados - Colegio Santo Domingo Savio","og_description":"La Casa Salesiana de Monz\u00f3n abre sus puertas a los refugiados ucranianos. Por Ana GarantoSalesianos Monz\u00f3n ha decidido ceder las instalaciones de la Comunidad a C\u00e1ritas para poder albergar a los refugiados ucranianos que lo necesiten debido a la situaci\u00f3n de guerra que est\u00e1n viviendo en su pa\u00eds. El acuerdo con C\u00e1ritas se firm\u00f3 el [&hellip;]","og_url":"https:\/\/monzon.salesianos.edu\/colegio\/salesianos-monzon-con-los-refugiados\/","og_site_name":"Colegio Santo Domingo Savio","article_published_time":"2022-05-23T19:15:53+00:00","og_image":[{"width":1649,"height":926,"url":"https:\/\/monzon.salesianos.edu\/colegio\/wp-content\/uploads\/sites\/2\/2022\/05\/PORTADA-UCRANIA.jpeg","type":"image\/jpeg"}],"author":"Gestor Web","twitter_card":"summary_large_image","twitter_misc":{"Escrito por":"Gestor Web","Tiempo de lectura":"2 minutos"},"schema":{"@context":"https:\/\/schema.org","@graph":[{"@type":"Article","@id":"https:\/\/monzon.salesianos.edu\/colegio\/salesianos-monzon-con-los-refugiados\/#article","isPartOf":{"@id":"https:\/\/monzon.salesianos.edu\/colegio\/salesianos-monzon-con-los-refugiados\/"},"author":{"name":"Gestor Web","@id":"https:\/\/monzon.salesianos.edu\/colegio\/#\/schema\/person\/dfdb4afc92a954e307946b4c7b72b0f4"},"headline":"Salesianos Monz\u00f3n con los refugiados","datePublished":"2022-05-23T19:15:53+00:00","mainEntityOfPage":{"@id":"https:\/\/monzon.salesianos.edu\/colegio\/salesianos-monzon-con-los-refugiados\/"},"wordCount":470,"commentCount":0,"image":{"@id":"https:\/\/monzon.salesianos.edu\/colegio\/salesianos-monzon-con-los-refugiados\/#primaryimage"},"thumbnailUrl":"https:\/\/monzon.salesianos.edu\/colegio\/wp-content\/uploads\/sites\/2\/2022\/05\/PORTADA-UCRANIA.jpeg","articleSection":["Colegio","Familia Salesiana"],"inLanguage":"es","potentialAction":[{"@type":"CommentAction","name":"Comment","target":["https:\/\/monzon.salesianos.edu\/colegio\/salesianos-monzon-con-los-refugiados\/#respond"]}]},{"@type":"WebPage","@id":"https:\/\/monzon.salesianos.edu\/colegio\/salesianos-monzon-con-los-refugiados\/","url":"https:\/\/monzon.salesianos.edu\/colegio\/salesianos-monzon-con-los-refugiados\/","name":"Salesianos Monz\u00f3n con los refugiados - Colegio Santo Domingo Savio","isPartOf":{"@id":"https:\/\/monzon.salesianos.edu\/colegio\/#website"},"primaryImageOfPage":{"@id":"https:\/\/monzon.salesianos.edu\/colegio\/salesianos-monzon-con-los-refugiados\/#primaryimage"},"image":{"@id":"https:\/\/monzon.salesianos.edu\/colegio\/salesianos-monzon-con-los-refugiados\/#primaryimage"},"thumbnailUrl":"https:\/\/monzon.salesianos.edu\/colegio\/wp-content\/uploads\/sites\/2\/2022\/05\/PORTADA-UCRANIA.jpeg","datePublished":"2022-05-23T19:15:53+00:00","author":{"@id":"https:\/\/monzon.salesianos.edu\/colegio\/#\/schema\/person\/dfdb4afc92a954e307946b4c7b72b0f4"},"breadcrumb":{"@id":"https:\/\/monzon.salesianos.edu\/colegio\/salesianos-monzon-con-los-refugiados\/#breadcrumb"},"inLanguage":"es","potentialAction":[{"@type":"ReadAction","target":["https:\/\/monzon.salesianos.edu\/colegio\/salesianos-monzon-con-los-refugiados\/"]}]},{"@type":"ImageObject","inLanguage":"es","@id":"https:\/\/monzon.salesianos.edu\/colegio\/salesianos-monzon-con-los-refugiados\/#primaryimage","url":"https:\/\/monzon.salesianos.edu\/colegio\/wp-content\/uploads\/sites\/2\/2022\/05\/PORTADA-UCRANIA.jpeg","contentUrl":"https:\/\/monzon.salesianos.edu\/colegio\/wp-content\/uploads\/sites\/2\/2022\/05\/PORTADA-UCRANIA.jpeg","width":1649,"height":926},{"@type":"BreadcrumbList","@id":"https:\/\/monzon.salesianos.edu\/colegio\/salesianos-monzon-con-los-refugiados\/#breadcrumb","itemListElement":[{"@type":"ListItem","position":1,"name":"Portada","item":"https:\/\/monzon.salesianos.edu\/colegio\/"},{"@type":"ListItem","position":2,"name":"Salesianos Monz\u00f3n con los refugiados"}]},{"@type":"WebSite","@id":"https:\/\/monzon.salesianos.edu\/colegio\/#website","url":"https:\/\/monzon.salesianos.edu\/colegio\/","name":"Colegio Santo Domingo Savio","description":"P\u00e1gina oficial Salesianos Monz\u00f3n","potentialAction":[{"@type":"SearchAction","target":{"@type":"EntryPoint","urlTemplate":"https:\/\/monzon.salesianos.edu\/colegio\/?s={search_term_string}"},"query-input":{"@type":"PropertyValueSpecification","valueRequired":true,"valueName":"search_term_string"}}],"inLanguage":"es"},{"@type":"Person","@id":"https:\/\/monzon.salesianos.edu\/colegio\/#\/schema\/person\/dfdb4afc92a954e307946b4c7b72b0f4","name":"Gestor Web","image":{"@type":"ImageObject","inLanguage":"es","@id":"https:\/\/secure.gravatar.com\/avatar\/1e1fd8b2db3835fefe4cba3e9e0f57e2c8b7a51b7525c8a5e5f612d69fe34a31?s=96&d=mm&r=g","url":"https:\/\/secure.gravatar.com\/avatar\/1e1fd8b2db3835fefe4cba3e9e0f57e2c8b7a51b7525c8a5e5f612d69fe34a31?s=96&d=mm&r=g","contentUrl":"https:\/\/secure.gravatar.com\/avatar\/1e1fd8b2db3835fefe4cba3e9e0f57e2c8b7a51b7525c8a5e5f612d69fe34a31?s=96&d=mm&r=g","caption":"Gestor Web"}}]}},"_links":{"self":[{"href":"https:\/\/monzon.salesianos.edu\/colegio\/wp-json\/wp\/v2\/posts\/11015","targetHints":{"allow":["GET"]}}],"collection":[{"href":"https:\/\/monzon.salesianos.edu\/colegio\/wp-json\/wp\/v2\/posts"}],"about":[{"href":"https:\/\/monzon.salesianos.edu\/colegio\/wp-json\/wp\/v2\/types\/post"}],"author":[{"embeddable":true,"href":"https:\/\/monzon.salesianos.edu\/colegio\/wp-json\/wp\/v2\/users\/3"}],"replies":[{"embeddable":true,"href":"https:\/\/monzon.salesianos.edu\/colegio\/wp-json\/wp\/v2\/comments?post=11015"}],"version-history":[{"count":0,"href":"https:\/\/monzon.salesianos.edu\/colegio\/wp-json\/wp\/v2\/posts\/11015\/revisions"}],"wp:featuredmedia":[{"embeddable":true,"href":"https:\/\/monzon.salesianos.edu\/colegio\/wp-json\/wp\/v2\/media\/11016"}],"wp:attachment":[{"href":"https:\/\/monzon.salesianos.edu\/colegio\/wp-json\/wp\/v2\/media?parent=11015"}],"wp:term":[{"taxonomy":"category","embeddable":true,"href":"https:\/\/monzon.salesianos.edu\/colegio\/wp-json\/wp\/v2\/categories?post=11015"},{"taxonomy":"post_tag","embeddable":true,"href":"https:\/\/monzon.salesianos.edu\/colegio\/wp-json\/wp\/v2\/tags?post=11015"}],"curies":[{"name":"wp","href":"https:\/\/api.w.org\/{rel}","templated":true}]}}