{"id":10878,"date":"2022-03-09T14:10:19","date_gmt":"2022-03-09T13:10:19","guid":{"rendered":"https:\/\/monzon.salesianos.edu\/colegio\/salesianos-y-monzon-llegan-al-sahara-2\/"},"modified":"2022-03-09T14:13:21","modified_gmt":"2022-03-09T13:13:21","slug":"salesianos-y-monzon-llegan-al-sahara-2","status":"publish","type":"post","link":"https:\/\/monzon.salesianos.edu\/colegio\/salesianos-y-monzon-llegan-al-sahara-2\/","title":{"rendered":"Salesianos y Monz\u00f3n llegan al S\u00e1hara"},"content":{"rendered":"<p>[et_pb_section fb_built=\u00bb1&#8243; admin_label=\u00bbsection\u00bb _builder_version=\u00bb3.22&#8243; global_colors_info=\u00bb{}\u00bb][et_pb_row admin_label=\u00bbrow\u00bb _builder_version=\u00bb3.25&#8243; background_size=\u00bbinitial\u00bb background_position=\u00bbtop_left\u00bb background_repeat=\u00bbrepeat\u00bb global_colors_info=\u00bb{}\u00bb][et_pb_column type=\u00bb4_4&#8243; _builder_version=\u00bb3.25&#8243; custom_padding=\u00bb|||\u00bb global_colors_info=\u00bb{}\u00bb custom_padding__hover=\u00bb|||\u00bb][et_pb_text admin_label=\u00bbEntradilla (Texto)\u00bb _builder_version=\u00bb4.14.1&#8243; text_font=\u00bb|on|||\u00bb text_orientation=\u00bbjustified\u00bb border_style=\u00bbsolid\u00bb global_colors_info=\u00bb{}\u00bb]Visita a los campos de refugiados Saharauis.[\/et_pb_text][et_pb_text admin_label=\u00bbAutor (Texto)\u00bb _builder_version=\u00bb4.14.1&#8243; text_font=\u00bb||on||\u00bb border_style=\u00bbsolid\u00bb global_colors_info=\u00bb{}\u00bb]Por Ana Garanto[\/et_pb_text][et_pb_text admin_label=\u00bbDesarrollo (Texto)\u00bb _builder_version=\u00bb4.14.1&#8243; text_orientation=\u00bbjustified\u00bb border_style=\u00bbsolid\u00bb global_colors_info=\u00bb{}\u00bb]La primera semana de marzo, la profesora del centro salesiano Santo Domingo Savio de Monz\u00f3n, Carmen Cast\u00e1n, y sus hermanas se unieron a la expedici\u00f3n que visita los campos de refugiados Saharauis dirigidas por la asociaci\u00f3n Alouda. <\/p>\n<p>Esta expedici\u00f3n montisonense ha podido vivenciar la realidad que los cientos de miles de refugiados de los diversos campos viven cada d\u00eda. Hasta all\u00ed han podido llevar m\u00e1s de 600 kg de ropa, juguetes y material educativo recogido en el colegio salesiano y que ha podido llegar hasta Esmara gracias a la ayuda del Ayuntamiento de Monz\u00f3n, el cual ha participado activamente en la recogida de material escolar a trav\u00e9s de la biblioteca municipal y en el env\u00edo de todo el material. Este material recogido en nuestra localidad se ha ido repartiendo por las hermanas montisonenses entre los diferentes campos. Adem\u00e1s, han podido tambi\u00e9n ver c\u00f3mo se trabaja en las escuelas de los campos de refugiados y participaron en la carrera solidaria Sahara Marathon 2022. <\/p>\n<p>Las hermanas Cast\u00e1n definen esta experiencia como una manera de dar voz al pueblo Saharaui, al cual LES MUEVE LA ESPERANZA de que pronto puedan volver a sus lugares de origen.[\/et_pb_text][et_pb_text disabled_on=\u00bboff|off|off\u00bb admin_label=\u00bbT\u00edtulo: Galer\u00eda de fotos (Texto)\u00bb _builder_version=\u00bb3.27.4&#8243; text_font=\u00bb|on|||\u00bb text_text_color=\u00bb#dc001b\u00bb border_style=\u00bbsolid\u00bb global_colors_info=\u00bb{}\u00bb]Galer\u00eda de im\u00e1genes<br \/>\n[\/et_pb_text][et_pb_gallery gallery_ids=\u00bb10862,10863,10861&#8243; posts_number=\u00bb8&#8243; show_title_and_caption=\u00bboff\u00bb zoom_icon_color=\u00bb#dc001b\u00bb hover_icon=\u00bb&#x54;||divi||400&#8243; disabled_on=\u00bboff|off|off\u00bb admin_label=\u00bbGaler\u00eda\u00bb _builder_version=\u00bb4.14.1&#8243; border_style=\u00bbsolid\u00bb global_colors_info=\u00bb{}\u00bb][\/et_pb_gallery][et_pb_video disabled_on=\u00bbon|on|on\u00bb admin_label=\u00bbV\u00eddeo\u00bb _builder_version=\u00bb3.0.51&#8243; disabled=\u00bbon\u00bb global_colors_info=\u00bb{}\u00bb][\/et_pb_video][\/et_pb_column][\/et_pb_row][\/et_pb_section]<\/p>\n","protected":false},"excerpt":{"rendered":"<p>Visita a los campos de refugiados Saharauis.Por Ana GarantoLa primera semana de marzo, la profesora del centro salesiano Santo Domingo Savio de Monz\u00f3n, Carmen Cast\u00e1n, y sus hermanas se unieron a la expedici\u00f3n que visita los campos de refugiados Saharauis dirigidas por la asociaci\u00f3n Alouda. Esta expedici\u00f3n montisonense ha podido vivenciar la realidad que los [&hellip;]<\/p>\n","protected":false},"author":3,"featured_media":10882,"comment_status":"open","ping_status":"open","sticky":false,"template":"","format":"standard","meta":{"_et_pb_use_builder":"on","_et_pb_old_content":"","_et_gb_content_width":"","footnotes":""},"categories":[10,25],"tags":[],"class_list":["post-10878","post","type-post","status-publish","format-standard","has-post-thumbnail","hentry","category-colegio","category-familia-salesiana"],"yoast_head":"<!-- This site is optimized with the Yoast SEO plugin v28.4 - https:\/\/yoast.com\/product\/yoast-seo-wordpress\/ -->\n<title>Salesianos y Monz\u00f3n llegan al S\u00e1hara - Colegio Santo Domingo Savio<\/title>\n<meta name=\"robots\" content=\"index, follow, max-snippet:-1, max-image-preview:large, max-video-preview:-1\" \/>\n<link rel=\"canonical\" href=\"https:\/\/monzon.salesianos.edu\/colegio\/salesianos-y-monzon-llegan-al-sahara-2\/\" \/>\n<meta property=\"og:locale\" content=\"es_ES\" \/>\n<meta property=\"og:type\" content=\"article\" \/>\n<meta property=\"og:title\" content=\"Salesianos y Monz\u00f3n llegan al S\u00e1hara - Colegio Santo Domingo Savio\" \/>\n<meta property=\"og:description\" content=\"Visita a los campos de refugiados Saharauis.Por Ana GarantoLa primera semana de marzo, la profesora del centro salesiano Santo Domingo Savio de Monz\u00f3n, Carmen Cast\u00e1n, y sus hermanas se unieron a la expedici\u00f3n que visita los campos de refugiados Saharauis dirigidas por la asociaci\u00f3n Alouda. Esta expedici\u00f3n montisonense ha podido vivenciar la realidad que los [&hellip;]\" \/>\n<meta property=\"og:url\" content=\"https:\/\/monzon.salesianos.edu\/colegio\/salesianos-y-monzon-llegan-al-sahara-2\/\" \/>\n<meta property=\"og:site_name\" content=\"Colegio Santo Domingo Savio\" \/>\n<meta property=\"article:published_time\" content=\"2022-03-09T13:10:19+00:00\" \/>\n<meta property=\"article:modified_time\" content=\"2022-03-09T13:13:21+00:00\" \/>\n<meta property=\"og:image\" content=\"https:\/\/monzon.salesianos.edu\/colegio\/wp-content\/uploads\/sites\/2\/2022\/03\/PORTADA1.jpg\" \/>\n\t<meta property=\"og:image:width\" content=\"1649\" \/>\n\t<meta property=\"og:image:height\" content=\"926\" \/>\n\t<meta property=\"og:image:type\" content=\"image\/jpeg\" \/>\n<meta name=\"author\" content=\"Gestor Web\" \/>\n<meta name=\"twitter:card\" content=\"summary_large_image\" \/>\n<meta name=\"twitter:label1\" content=\"Escrito por\" \/>\n\t<meta name=\"twitter:data1\" content=\"Gestor Web\" \/>\n\t<meta name=\"twitter:label2\" content=\"Tiempo de lectura\" \/>\n\t<meta name=\"twitter:data2\" content=\"2 minutos\" \/>\n<script type=\"application\/ld+json\" class=\"yoast-schema-graph\">{\"@context\":\"https:\\\/\\\/schema.org\",\"@graph\":[{\"@type\":\"Article\",\"@id\":\"https:\\\/\\\/monzon.salesianos.edu\\\/colegio\\\/salesianos-y-monzon-llegan-al-sahara-2\\\/#article\",\"isPartOf\":{\"@id\":\"https:\\\/\\\/monzon.salesianos.edu\\\/colegio\\\/salesianos-y-monzon-llegan-al-sahara-2\\\/\"},\"author\":{\"name\":\"Gestor Web\",\"@id\":\"https:\\\/\\\/monzon.salesianos.edu\\\/colegio\\\/#\\\/schema\\\/person\\\/dfdb4afc92a954e307946b4c7b72b0f4\"},\"headline\":\"Salesianos y Monz\u00f3n llegan al S\u00e1hara\",\"datePublished\":\"2022-03-09T13:10:19+00:00\",\"dateModified\":\"2022-03-09T13:13:21+00:00\",\"mainEntityOfPage\":{\"@id\":\"https:\\\/\\\/monzon.salesianos.edu\\\/colegio\\\/salesianos-y-monzon-llegan-al-sahara-2\\\/\"},\"wordCount\":450,\"commentCount\":0,\"image\":{\"@id\":\"https:\\\/\\\/monzon.salesianos.edu\\\/colegio\\\/salesianos-y-monzon-llegan-al-sahara-2\\\/#primaryimage\"},\"thumbnailUrl\":\"https:\\\/\\\/monzon.salesianos.edu\\\/colegio\\\/wp-content\\\/uploads\\\/sites\\\/2\\\/2022\\\/03\\\/PORTADA1.jpg\",\"articleSection\":[\"Colegio\",\"Familia Salesiana\"],\"inLanguage\":\"es\",\"potentialAction\":[{\"@type\":\"CommentAction\",\"name\":\"Comment\",\"target\":[\"https:\\\/\\\/monzon.salesianos.edu\\\/colegio\\\/salesianos-y-monzon-llegan-al-sahara-2\\\/#respond\"]}]},{\"@type\":\"WebPage\",\"@id\":\"https:\\\/\\\/monzon.salesianos.edu\\\/colegio\\\/salesianos-y-monzon-llegan-al-sahara-2\\\/\",\"url\":\"https:\\\/\\\/monzon.salesianos.edu\\\/colegio\\\/salesianos-y-monzon-llegan-al-sahara-2\\\/\",\"name\":\"Salesianos y Monz\u00f3n llegan al S\u00e1hara - Colegio Santo Domingo Savio\",\"isPartOf\":{\"@id\":\"https:\\\/\\\/monzon.salesianos.edu\\\/colegio\\\/#website\"},\"primaryImageOfPage\":{\"@id\":\"https:\\\/\\\/monzon.salesianos.edu\\\/colegio\\\/salesianos-y-monzon-llegan-al-sahara-2\\\/#primaryimage\"},\"image\":{\"@id\":\"https:\\\/\\\/monzon.salesianos.edu\\\/colegio\\\/salesianos-y-monzon-llegan-al-sahara-2\\\/#primaryimage\"},\"thumbnailUrl\":\"https:\\\/\\\/monzon.salesianos.edu\\\/colegio\\\/wp-content\\\/uploads\\\/sites\\\/2\\\/2022\\\/03\\\/PORTADA1.jpg\",\"datePublished\":\"2022-03-09T13:10:19+00:00\",\"dateModified\":\"2022-03-09T13:13:21+00:00\",\"author\":{\"@id\":\"https:\\\/\\\/monzon.salesianos.edu\\\/colegio\\\/#\\\/schema\\\/person\\\/dfdb4afc92a954e307946b4c7b72b0f4\"},\"breadcrumb\":{\"@id\":\"https:\\\/\\\/monzon.salesianos.edu\\\/colegio\\\/salesianos-y-monzon-llegan-al-sahara-2\\\/#breadcrumb\"},\"inLanguage\":\"es\",\"potentialAction\":[{\"@type\":\"ReadAction\",\"target\":[\"https:\\\/\\\/monzon.salesianos.edu\\\/colegio\\\/salesianos-y-monzon-llegan-al-sahara-2\\\/\"]}]},{\"@type\":\"ImageObject\",\"inLanguage\":\"es\",\"@id\":\"https:\\\/\\\/monzon.salesianos.edu\\\/colegio\\\/salesianos-y-monzon-llegan-al-sahara-2\\\/#primaryimage\",\"url\":\"https:\\\/\\\/monzon.salesianos.edu\\\/colegio\\\/wp-content\\\/uploads\\\/sites\\\/2\\\/2022\\\/03\\\/PORTADA1.jpg\",\"contentUrl\":\"https:\\\/\\\/monzon.salesianos.edu\\\/colegio\\\/wp-content\\\/uploads\\\/sites\\\/2\\\/2022\\\/03\\\/PORTADA1.jpg\",\"width\":1649,\"height\":926},{\"@type\":\"BreadcrumbList\",\"@id\":\"https:\\\/\\\/monzon.salesianos.edu\\\/colegio\\\/salesianos-y-monzon-llegan-al-sahara-2\\\/#breadcrumb\",\"itemListElement\":[{\"@type\":\"ListItem\",\"position\":1,\"name\":\"Portada\",\"item\":\"https:\\\/\\\/monzon.salesianos.edu\\\/colegio\\\/\"},{\"@type\":\"ListItem\",\"position\":2,\"name\":\"Salesianos y Monz\u00f3n llegan al S\u00e1hara\"}]},{\"@type\":\"WebSite\",\"@id\":\"https:\\\/\\\/monzon.salesianos.edu\\\/colegio\\\/#website\",\"url\":\"https:\\\/\\\/monzon.salesianos.edu\\\/colegio\\\/\",\"name\":\"Colegio Santo Domingo Savio\",\"description\":\"P\u00e1gina oficial Salesianos Monz\u00f3n\",\"potentialAction\":[{\"@type\":\"SearchAction\",\"target\":{\"@type\":\"EntryPoint\",\"urlTemplate\":\"https:\\\/\\\/monzon.salesianos.edu\\\/colegio\\\/?s={search_term_string}\"},\"query-input\":{\"@type\":\"PropertyValueSpecification\",\"valueRequired\":true,\"valueName\":\"search_term_string\"}}],\"inLanguage\":\"es\"},{\"@type\":\"Person\",\"@id\":\"https:\\\/\\\/monzon.salesianos.edu\\\/colegio\\\/#\\\/schema\\\/person\\\/dfdb4afc92a954e307946b4c7b72b0f4\",\"name\":\"Gestor Web\",\"image\":{\"@type\":\"ImageObject\",\"inLanguage\":\"es\",\"@id\":\"https:\\\/\\\/secure.gravatar.com\\\/avatar\\\/1e1fd8b2db3835fefe4cba3e9e0f57e2c8b7a51b7525c8a5e5f612d69fe34a31?s=96&d=mm&r=g\",\"url\":\"https:\\\/\\\/secure.gravatar.com\\\/avatar\\\/1e1fd8b2db3835fefe4cba3e9e0f57e2c8b7a51b7525c8a5e5f612d69fe34a31?s=96&d=mm&r=g\",\"contentUrl\":\"https:\\\/\\\/secure.gravatar.com\\\/avatar\\\/1e1fd8b2db3835fefe4cba3e9e0f57e2c8b7a51b7525c8a5e5f612d69fe34a31?s=96&d=mm&r=g\",\"caption\":\"Gestor Web\"}}]}<\/script>\n<!-- \/ Yoast SEO plugin. -->","yoast_head_json":{"title":"Salesianos y Monz\u00f3n llegan al S\u00e1hara - Colegio Santo Domingo Savio","robots":{"index":"index","follow":"follow","max-snippet":"max-snippet:-1","max-image-preview":"max-image-preview:large","max-video-preview":"max-video-preview:-1"},"canonical":"https:\/\/monzon.salesianos.edu\/colegio\/salesianos-y-monzon-llegan-al-sahara-2\/","og_locale":"es_ES","og_type":"article","og_title":"Salesianos y Monz\u00f3n llegan al S\u00e1hara - Colegio Santo Domingo Savio","og_description":"Visita a los campos de refugiados Saharauis.Por Ana GarantoLa primera semana de marzo, la profesora del centro salesiano Santo Domingo Savio de Monz\u00f3n, Carmen Cast\u00e1n, y sus hermanas se unieron a la expedici\u00f3n que visita los campos de refugiados Saharauis dirigidas por la asociaci\u00f3n Alouda. Esta expedici\u00f3n montisonense ha podido vivenciar la realidad que los [&hellip;]","og_url":"https:\/\/monzon.salesianos.edu\/colegio\/salesianos-y-monzon-llegan-al-sahara-2\/","og_site_name":"Colegio Santo Domingo Savio","article_published_time":"2022-03-09T13:10:19+00:00","article_modified_time":"2022-03-09T13:13:21+00:00","og_image":[{"width":1649,"height":926,"url":"https:\/\/monzon.salesianos.edu\/colegio\/wp-content\/uploads\/sites\/2\/2022\/03\/PORTADA1.jpg","type":"image\/jpeg"}],"author":"Gestor Web","twitter_card":"summary_large_image","twitter_misc":{"Escrito por":"Gestor Web","Tiempo de lectura":"2 minutos"},"schema":{"@context":"https:\/\/schema.org","@graph":[{"@type":"Article","@id":"https:\/\/monzon.salesianos.edu\/colegio\/salesianos-y-monzon-llegan-al-sahara-2\/#article","isPartOf":{"@id":"https:\/\/monzon.salesianos.edu\/colegio\/salesianos-y-monzon-llegan-al-sahara-2\/"},"author":{"name":"Gestor Web","@id":"https:\/\/monzon.salesianos.edu\/colegio\/#\/schema\/person\/dfdb4afc92a954e307946b4c7b72b0f4"},"headline":"Salesianos y Monz\u00f3n llegan al S\u00e1hara","datePublished":"2022-03-09T13:10:19+00:00","dateModified":"2022-03-09T13:13:21+00:00","mainEntityOfPage":{"@id":"https:\/\/monzon.salesianos.edu\/colegio\/salesianos-y-monzon-llegan-al-sahara-2\/"},"wordCount":450,"commentCount":0,"image":{"@id":"https:\/\/monzon.salesianos.edu\/colegio\/salesianos-y-monzon-llegan-al-sahara-2\/#primaryimage"},"thumbnailUrl":"https:\/\/monzon.salesianos.edu\/colegio\/wp-content\/uploads\/sites\/2\/2022\/03\/PORTADA1.jpg","articleSection":["Colegio","Familia Salesiana"],"inLanguage":"es","potentialAction":[{"@type":"CommentAction","name":"Comment","target":["https:\/\/monzon.salesianos.edu\/colegio\/salesianos-y-monzon-llegan-al-sahara-2\/#respond"]}]},{"@type":"WebPage","@id":"https:\/\/monzon.salesianos.edu\/colegio\/salesianos-y-monzon-llegan-al-sahara-2\/","url":"https:\/\/monzon.salesianos.edu\/colegio\/salesianos-y-monzon-llegan-al-sahara-2\/","name":"Salesianos y Monz\u00f3n llegan al S\u00e1hara - Colegio Santo Domingo Savio","isPartOf":{"@id":"https:\/\/monzon.salesianos.edu\/colegio\/#website"},"primaryImageOfPage":{"@id":"https:\/\/monzon.salesianos.edu\/colegio\/salesianos-y-monzon-llegan-al-sahara-2\/#primaryimage"},"image":{"@id":"https:\/\/monzon.salesianos.edu\/colegio\/salesianos-y-monzon-llegan-al-sahara-2\/#primaryimage"},"thumbnailUrl":"https:\/\/monzon.salesianos.edu\/colegio\/wp-content\/uploads\/sites\/2\/2022\/03\/PORTADA1.jpg","datePublished":"2022-03-09T13:10:19+00:00","dateModified":"2022-03-09T13:13:21+00:00","author":{"@id":"https:\/\/monzon.salesianos.edu\/colegio\/#\/schema\/person\/dfdb4afc92a954e307946b4c7b72b0f4"},"breadcrumb":{"@id":"https:\/\/monzon.salesianos.edu\/colegio\/salesianos-y-monzon-llegan-al-sahara-2\/#breadcrumb"},"inLanguage":"es","potentialAction":[{"@type":"ReadAction","target":["https:\/\/monzon.salesianos.edu\/colegio\/salesianos-y-monzon-llegan-al-sahara-2\/"]}]},{"@type":"ImageObject","inLanguage":"es","@id":"https:\/\/monzon.salesianos.edu\/colegio\/salesianos-y-monzon-llegan-al-sahara-2\/#primaryimage","url":"https:\/\/monzon.salesianos.edu\/colegio\/wp-content\/uploads\/sites\/2\/2022\/03\/PORTADA1.jpg","contentUrl":"https:\/\/monzon.salesianos.edu\/colegio\/wp-content\/uploads\/sites\/2\/2022\/03\/PORTADA1.jpg","width":1649,"height":926},{"@type":"BreadcrumbList","@id":"https:\/\/monzon.salesianos.edu\/colegio\/salesianos-y-monzon-llegan-al-sahara-2\/#breadcrumb","itemListElement":[{"@type":"ListItem","position":1,"name":"Portada","item":"https:\/\/monzon.salesianos.edu\/colegio\/"},{"@type":"ListItem","position":2,"name":"Salesianos y Monz\u00f3n llegan al S\u00e1hara"}]},{"@type":"WebSite","@id":"https:\/\/monzon.salesianos.edu\/colegio\/#website","url":"https:\/\/monzon.salesianos.edu\/colegio\/","name":"Colegio Santo Domingo Savio","description":"P\u00e1gina oficial Salesianos Monz\u00f3n","potentialAction":[{"@type":"SearchAction","target":{"@type":"EntryPoint","urlTemplate":"https:\/\/monzon.salesianos.edu\/colegio\/?s={search_term_string}"},"query-input":{"@type":"PropertyValueSpecification","valueRequired":true,"valueName":"search_term_string"}}],"inLanguage":"es"},{"@type":"Person","@id":"https:\/\/monzon.salesianos.edu\/colegio\/#\/schema\/person\/dfdb4afc92a954e307946b4c7b72b0f4","name":"Gestor Web","image":{"@type":"ImageObject","inLanguage":"es","@id":"https:\/\/secure.gravatar.com\/avatar\/1e1fd8b2db3835fefe4cba3e9e0f57e2c8b7a51b7525c8a5e5f612d69fe34a31?s=96&d=mm&r=g","url":"https:\/\/secure.gravatar.com\/avatar\/1e1fd8b2db3835fefe4cba3e9e0f57e2c8b7a51b7525c8a5e5f612d69fe34a31?s=96&d=mm&r=g","contentUrl":"https:\/\/secure.gravatar.com\/avatar\/1e1fd8b2db3835fefe4cba3e9e0f57e2c8b7a51b7525c8a5e5f612d69fe34a31?s=96&d=mm&r=g","caption":"Gestor Web"}}]}},"_links":{"self":[{"href":"https:\/\/monzon.salesianos.edu\/colegio\/wp-json\/wp\/v2\/posts\/10878","targetHints":{"allow":["GET"]}}],"collection":[{"href":"https:\/\/monzon.salesianos.edu\/colegio\/wp-json\/wp\/v2\/posts"}],"about":[{"href":"https:\/\/monzon.salesianos.edu\/colegio\/wp-json\/wp\/v2\/types\/post"}],"author":[{"embeddable":true,"href":"https:\/\/monzon.salesianos.edu\/colegio\/wp-json\/wp\/v2\/users\/3"}],"replies":[{"embeddable":true,"href":"https:\/\/monzon.salesianos.edu\/colegio\/wp-json\/wp\/v2\/comments?post=10878"}],"version-history":[{"count":2,"href":"https:\/\/monzon.salesianos.edu\/colegio\/wp-json\/wp\/v2\/posts\/10878\/revisions"}],"predecessor-version":[{"id":10880,"href":"https:\/\/monzon.salesianos.edu\/colegio\/wp-json\/wp\/v2\/posts\/10878\/revisions\/10880"}],"wp:featuredmedia":[{"embeddable":true,"href":"https:\/\/monzon.salesianos.edu\/colegio\/wp-json\/wp\/v2\/media\/10882"}],"wp:attachment":[{"href":"https:\/\/monzon.salesianos.edu\/colegio\/wp-json\/wp\/v2\/media?parent=10878"}],"wp:term":[{"taxonomy":"category","embeddable":true,"href":"https:\/\/monzon.salesianos.edu\/colegio\/wp-json\/wp\/v2\/categories?post=10878"},{"taxonomy":"post_tag","embeddable":true,"href":"https:\/\/monzon.salesianos.edu\/colegio\/wp-json\/wp\/v2\/tags?post=10878"}],"curies":[{"name":"wp","href":"https:\/\/api.w.org\/{rel}","templated":true}]}}