{"id":10795,"date":"2022-03-04T07:42:32","date_gmt":"2022-03-04T06:42:32","guid":{"rendered":"https:\/\/monzon.salesianos.edu\/colegio\/acto-por-la-paz-2\/"},"modified":"2022-03-04T09:47:12","modified_gmt":"2022-03-04T08:47:12","slug":"acto-por-la-paz-2","status":"publish","type":"post","link":"https:\/\/monzon.salesianos.edu\/colegio\/acto-por-la-paz-2\/","title":{"rendered":"Acto por la Paz"},"content":{"rendered":"<p>[et_pb_section fb_built=\u00bb1&#8243; admin_label=\u00bbsection\u00bb _builder_version=\u00bb3.22&#8243; global_colors_info=\u00bb{}\u00bb][et_pb_row admin_label=\u00bbrow\u00bb _builder_version=\u00bb3.25&#8243; background_size=\u00bbinitial\u00bb background_position=\u00bbtop_left\u00bb background_repeat=\u00bbrepeat\u00bb global_colors_info=\u00bb{}\u00bb][et_pb_column type=\u00bb4_4&#8243; _builder_version=\u00bb3.25&#8243; custom_padding=\u00bb|||\u00bb global_colors_info=\u00bb{}\u00bb custom_padding__hover=\u00bb|||\u00bb][et_pb_text admin_label=\u00bbEntradilla (Texto)\u00bb _builder_version=\u00bb4.14.1&#8243; text_font=\u00bb|on|||\u00bb text_orientation=\u00bbjustified\u00bb border_style=\u00bbsolid\u00bb global_colors_info=\u00bb{}\u00bb]El Colegio Salesiano Santo Domingo Savio de Monz\u00f3n celebr\u00f3 ayer mi\u00e9rcoles un acto por la Paz. [\/et_pb_text][et_pb_text admin_label=\u00bbAutor (Texto)\u00bb _builder_version=\u00bb4.14.1&#8243; text_font=\u00bb||on||\u00bb border_style=\u00bbsolid\u00bb global_colors_info=\u00bb{}\u00bb]Por<br \/>\nAna Garanto[\/et_pb_text][et_pb_text admin_label=\u00bbDesarrollo (Texto)\u00bb _builder_version=\u00bb4.14.1&#8243; text_orientation=\u00bbjustified\u00bb border_style=\u00bbsolid\u00bb global_colors_info=\u00bb{}\u00bb]Debido al conflicto b\u00e9lico que est\u00e1 teniendo lugar en Ucrania, en Salesianos Monz\u00f3n tuvimos un acto por la Paz ayer mi\u00e9rcoles 2 de marzo. El acto tuvo lugar en el patio del colegio. Se leyeron unas lecturas por la paz, hubo un minuto de silencio acompa\u00f1ado por la canci\u00f3n Imagine de John Lennon y se rez\u00f3 el Padrenuestro en diferentes idiomas, siguiendo as\u00ed el llamamiento del Papa en un d\u00eda de ayuno y oraci\u00f3n. <\/p>\n<p>En el acto participaron tanto alumnos como profesores y otros miembros de la comunidad educativa. Un grupo de alumnas de 2\u00ba de Bachillerato fueron las encargadas de acompa\u00f1ar musicalmente el acto junto con el profesor Jos\u00e9 Antonio Castells. <\/p>\n<p>Adem\u00e1s, durante esta semana, estamos realizando una recogida de material sanitario y productos b\u00e1sicos de primera necesidad que, con la colaboraci\u00f3n de la comunidad ucraniana de Monz\u00f3n y el Ayuntamiento de Monz\u00f3n, se enviar\u00e1n a Ucrania.[\/et_pb_text][et_pb_video src=\u00bbhttps:\/\/monzon.salesianos.edu\/wp-content\/uploads\/2022\/03\/VIDEO-UCRANIA.mp4&#8243; disabled_on=\u00bboff|off|off\u00bb admin_label=\u00bbV\u00eddeo\u00bb _builder_version=\u00bb4.14.1&#8243; global_colors_info=\u00bb{}\u00bb][\/et_pb_video][et_pb_text disabled_on=\u00bboff|off|off\u00bb admin_label=\u00bbT\u00edtulo: Galer\u00eda de fotos (Texto)\u00bb _builder_version=\u00bb3.27.4&#8243; text_font=\u00bb|on|||\u00bb text_text_color=\u00bb#dc001b\u00bb border_style=\u00bbsolid\u00bb global_colors_info=\u00bb{}\u00bb]Galer\u00eda de im\u00e1genes<br \/>\n[\/et_pb_text][et_pb_gallery gallery_ids=\u00bb10831,10830,10829,10828,10827,10825,10824,10821,10820,10819,10818,10817,10816,10815,10814,10813,10812,10811,10810,10809,10808,10807,10804,10803,10802,10801,10800,10799&#8243; posts_number=\u00bb8&#8243; show_title_and_caption=\u00bboff\u00bb zoom_icon_color=\u00bb#dc001b\u00bb hover_icon=\u00bb&#x54;||divi||400&#8243; disabled_on=\u00bboff|off|off\u00bb admin_label=\u00bbGaler\u00eda\u00bb _builder_version=\u00bb4.14.1&#8243; hover_enabled=\u00bb0&#8243; border_style=\u00bbsolid\u00bb global_colors_info=\u00bb{}\u00bb sticky_enabled=\u00bb0&#8243;][\/et_pb_gallery][et_pb_gallery gallery_ids=\u00bb10799,10800,10801,10802,10803,10804,10805,10806,10807,10808,10809,10810,10811,10812,10813,10814,10815,10816,10817,10818,10819,10820,10821,10822,10823,10824,10825,10826,10827,10828,10829,10830,10831&#8243; disabled_on=\u00bbon|on|on\u00bb _builder_version=\u00bb4.14.1&#8243; _module_preset=\u00bbdefault\u00bb disabled=\u00bbon\u00bb global_colors_info=\u00bb{}\u00bb][\/et_pb_gallery][\/et_pb_column][\/et_pb_row][\/et_pb_section]<\/p>\n","protected":false},"excerpt":{"rendered":"<p>El Colegio Salesiano Santo Domingo Savio de Monz\u00f3n celebr\u00f3 ayer mi\u00e9rcoles un acto por la Paz. Por Ana GarantoDebido al conflicto b\u00e9lico que est\u00e1 teniendo lugar en Ucrania, en Salesianos Monz\u00f3n tuvimos un acto por la Paz ayer mi\u00e9rcoles 2 de marzo. El acto tuvo lugar en el patio del colegio. Se leyeron unas lecturas [&hellip;]<\/p>\n","protected":false},"author":3,"featured_media":10794,"comment_status":"open","ping_status":"open","sticky":false,"template":"","format":"standard","meta":{"_et_pb_use_builder":"on","_et_pb_old_content":"","_et_gb_content_width":"","footnotes":""},"categories":[10,25],"tags":[],"class_list":["post-10795","post","type-post","status-publish","format-standard","has-post-thumbnail","hentry","category-colegio","category-familia-salesiana"],"yoast_head":"<!-- This site is optimized with the Yoast SEO plugin v28.4 - https:\/\/yoast.com\/product\/yoast-seo-wordpress\/ -->\n<title>Acto por la Paz - Colegio Santo Domingo Savio<\/title>\n<meta name=\"robots\" content=\"index, follow, max-snippet:-1, max-image-preview:large, max-video-preview:-1\" \/>\n<link rel=\"canonical\" href=\"https:\/\/monzon.salesianos.edu\/colegio\/acto-por-la-paz-2\/\" \/>\n<meta property=\"og:locale\" content=\"es_ES\" \/>\n<meta property=\"og:type\" content=\"article\" \/>\n<meta property=\"og:title\" content=\"Acto por la Paz - Colegio Santo Domingo Savio\" \/>\n<meta property=\"og:description\" content=\"El Colegio Salesiano Santo Domingo Savio de Monz\u00f3n celebr\u00f3 ayer mi\u00e9rcoles un acto por la Paz. Por Ana GarantoDebido al conflicto b\u00e9lico que est\u00e1 teniendo lugar en Ucrania, en Salesianos Monz\u00f3n tuvimos un acto por la Paz ayer mi\u00e9rcoles 2 de marzo. El acto tuvo lugar en el patio del colegio. Se leyeron unas lecturas [&hellip;]\" \/>\n<meta property=\"og:url\" content=\"https:\/\/monzon.salesianos.edu\/colegio\/acto-por-la-paz-2\/\" \/>\n<meta property=\"og:site_name\" content=\"Colegio Santo Domingo Savio\" \/>\n<meta property=\"article:published_time\" content=\"2022-03-04T06:42:32+00:00\" \/>\n<meta property=\"article:modified_time\" content=\"2022-03-04T08:47:12+00:00\" \/>\n<meta property=\"og:image\" content=\"https:\/\/monzon.salesianos.edu\/colegio\/wp-content\/uploads\/sites\/2\/2022\/03\/PORTADA.jpg\" \/>\n\t<meta property=\"og:image:width\" content=\"1389\" \/>\n\t<meta property=\"og:image:height\" content=\"926\" \/>\n\t<meta property=\"og:image:type\" content=\"image\/jpeg\" \/>\n<meta name=\"author\" content=\"Gestor Web\" \/>\n<meta name=\"twitter:card\" content=\"summary_large_image\" \/>\n<meta name=\"twitter:label1\" content=\"Escrito por\" \/>\n\t<meta name=\"twitter:data1\" content=\"Gestor Web\" \/>\n\t<meta name=\"twitter:label2\" content=\"Tiempo de lectura\" \/>\n\t<meta name=\"twitter:data2\" content=\"2 minutos\" \/>\n<script type=\"application\/ld+json\" class=\"yoast-schema-graph\">{\"@context\":\"https:\\\/\\\/schema.org\",\"@graph\":[{\"@type\":\"Article\",\"@id\":\"https:\\\/\\\/monzon.salesianos.edu\\\/colegio\\\/acto-por-la-paz-2\\\/#article\",\"isPartOf\":{\"@id\":\"https:\\\/\\\/monzon.salesianos.edu\\\/colegio\\\/acto-por-la-paz-2\\\/\"},\"author\":{\"name\":\"Gestor Web\",\"@id\":\"https:\\\/\\\/monzon.salesianos.edu\\\/colegio\\\/#\\\/schema\\\/person\\\/dfdb4afc92a954e307946b4c7b72b0f4\"},\"headline\":\"Acto por la Paz\",\"datePublished\":\"2022-03-04T06:42:32+00:00\",\"dateModified\":\"2022-03-04T08:47:12+00:00\",\"mainEntityOfPage\":{\"@id\":\"https:\\\/\\\/monzon.salesianos.edu\\\/colegio\\\/acto-por-la-paz-2\\\/\"},\"wordCount\":446,\"commentCount\":0,\"image\":{\"@id\":\"https:\\\/\\\/monzon.salesianos.edu\\\/colegio\\\/acto-por-la-paz-2\\\/#primaryimage\"},\"thumbnailUrl\":\"https:\\\/\\\/monzon.salesianos.edu\\\/colegio\\\/wp-content\\\/uploads\\\/sites\\\/2\\\/2022\\\/03\\\/PORTADA.jpg\",\"articleSection\":[\"Colegio\",\"Familia Salesiana\"],\"inLanguage\":\"es\",\"potentialAction\":[{\"@type\":\"CommentAction\",\"name\":\"Comment\",\"target\":[\"https:\\\/\\\/monzon.salesianos.edu\\\/colegio\\\/acto-por-la-paz-2\\\/#respond\"]}]},{\"@type\":\"WebPage\",\"@id\":\"https:\\\/\\\/monzon.salesianos.edu\\\/colegio\\\/acto-por-la-paz-2\\\/\",\"url\":\"https:\\\/\\\/monzon.salesianos.edu\\\/colegio\\\/acto-por-la-paz-2\\\/\",\"name\":\"Acto por la Paz - Colegio Santo Domingo Savio\",\"isPartOf\":{\"@id\":\"https:\\\/\\\/monzon.salesianos.edu\\\/colegio\\\/#website\"},\"primaryImageOfPage\":{\"@id\":\"https:\\\/\\\/monzon.salesianos.edu\\\/colegio\\\/acto-por-la-paz-2\\\/#primaryimage\"},\"image\":{\"@id\":\"https:\\\/\\\/monzon.salesianos.edu\\\/colegio\\\/acto-por-la-paz-2\\\/#primaryimage\"},\"thumbnailUrl\":\"https:\\\/\\\/monzon.salesianos.edu\\\/colegio\\\/wp-content\\\/uploads\\\/sites\\\/2\\\/2022\\\/03\\\/PORTADA.jpg\",\"datePublished\":\"2022-03-04T06:42:32+00:00\",\"dateModified\":\"2022-03-04T08:47:12+00:00\",\"author\":{\"@id\":\"https:\\\/\\\/monzon.salesianos.edu\\\/colegio\\\/#\\\/schema\\\/person\\\/dfdb4afc92a954e307946b4c7b72b0f4\"},\"breadcrumb\":{\"@id\":\"https:\\\/\\\/monzon.salesianos.edu\\\/colegio\\\/acto-por-la-paz-2\\\/#breadcrumb\"},\"inLanguage\":\"es\",\"potentialAction\":[{\"@type\":\"ReadAction\",\"target\":[\"https:\\\/\\\/monzon.salesianos.edu\\\/colegio\\\/acto-por-la-paz-2\\\/\"]}]},{\"@type\":\"ImageObject\",\"inLanguage\":\"es\",\"@id\":\"https:\\\/\\\/monzon.salesianos.edu\\\/colegio\\\/acto-por-la-paz-2\\\/#primaryimage\",\"url\":\"https:\\\/\\\/monzon.salesianos.edu\\\/colegio\\\/wp-content\\\/uploads\\\/sites\\\/2\\\/2022\\\/03\\\/PORTADA.jpg\",\"contentUrl\":\"https:\\\/\\\/monzon.salesianos.edu\\\/colegio\\\/wp-content\\\/uploads\\\/sites\\\/2\\\/2022\\\/03\\\/PORTADA.jpg\",\"width\":1389,\"height\":926,\"caption\":\"OLYMPUS DIGITAL CAMERA\"},{\"@type\":\"BreadcrumbList\",\"@id\":\"https:\\\/\\\/monzon.salesianos.edu\\\/colegio\\\/acto-por-la-paz-2\\\/#breadcrumb\",\"itemListElement\":[{\"@type\":\"ListItem\",\"position\":1,\"name\":\"Portada\",\"item\":\"https:\\\/\\\/monzon.salesianos.edu\\\/colegio\\\/\"},{\"@type\":\"ListItem\",\"position\":2,\"name\":\"Acto por la Paz\"}]},{\"@type\":\"WebSite\",\"@id\":\"https:\\\/\\\/monzon.salesianos.edu\\\/colegio\\\/#website\",\"url\":\"https:\\\/\\\/monzon.salesianos.edu\\\/colegio\\\/\",\"name\":\"Colegio Santo Domingo Savio\",\"description\":\"P\u00e1gina oficial Salesianos Monz\u00f3n\",\"potentialAction\":[{\"@type\":\"SearchAction\",\"target\":{\"@type\":\"EntryPoint\",\"urlTemplate\":\"https:\\\/\\\/monzon.salesianos.edu\\\/colegio\\\/?s={search_term_string}\"},\"query-input\":{\"@type\":\"PropertyValueSpecification\",\"valueRequired\":true,\"valueName\":\"search_term_string\"}}],\"inLanguage\":\"es\"},{\"@type\":\"Person\",\"@id\":\"https:\\\/\\\/monzon.salesianos.edu\\\/colegio\\\/#\\\/schema\\\/person\\\/dfdb4afc92a954e307946b4c7b72b0f4\",\"name\":\"Gestor Web\",\"image\":{\"@type\":\"ImageObject\",\"inLanguage\":\"es\",\"@id\":\"https:\\\/\\\/secure.gravatar.com\\\/avatar\\\/1e1fd8b2db3835fefe4cba3e9e0f57e2c8b7a51b7525c8a5e5f612d69fe34a31?s=96&d=mm&r=g\",\"url\":\"https:\\\/\\\/secure.gravatar.com\\\/avatar\\\/1e1fd8b2db3835fefe4cba3e9e0f57e2c8b7a51b7525c8a5e5f612d69fe34a31?s=96&d=mm&r=g\",\"contentUrl\":\"https:\\\/\\\/secure.gravatar.com\\\/avatar\\\/1e1fd8b2db3835fefe4cba3e9e0f57e2c8b7a51b7525c8a5e5f612d69fe34a31?s=96&d=mm&r=g\",\"caption\":\"Gestor Web\"}}]}<\/script>\n<!-- \/ Yoast SEO plugin. -->","yoast_head_json":{"title":"Acto por la Paz - Colegio Santo Domingo Savio","robots":{"index":"index","follow":"follow","max-snippet":"max-snippet:-1","max-image-preview":"max-image-preview:large","max-video-preview":"max-video-preview:-1"},"canonical":"https:\/\/monzon.salesianos.edu\/colegio\/acto-por-la-paz-2\/","og_locale":"es_ES","og_type":"article","og_title":"Acto por la Paz - Colegio Santo Domingo Savio","og_description":"El Colegio Salesiano Santo Domingo Savio de Monz\u00f3n celebr\u00f3 ayer mi\u00e9rcoles un acto por la Paz. Por Ana GarantoDebido al conflicto b\u00e9lico que est\u00e1 teniendo lugar en Ucrania, en Salesianos Monz\u00f3n tuvimos un acto por la Paz ayer mi\u00e9rcoles 2 de marzo. El acto tuvo lugar en el patio del colegio. Se leyeron unas lecturas [&hellip;]","og_url":"https:\/\/monzon.salesianos.edu\/colegio\/acto-por-la-paz-2\/","og_site_name":"Colegio Santo Domingo Savio","article_published_time":"2022-03-04T06:42:32+00:00","article_modified_time":"2022-03-04T08:47:12+00:00","og_image":[{"width":1389,"height":926,"url":"https:\/\/monzon.salesianos.edu\/colegio\/wp-content\/uploads\/sites\/2\/2022\/03\/PORTADA.jpg","type":"image\/jpeg"}],"author":"Gestor Web","twitter_card":"summary_large_image","twitter_misc":{"Escrito por":"Gestor Web","Tiempo de lectura":"2 minutos"},"schema":{"@context":"https:\/\/schema.org","@graph":[{"@type":"Article","@id":"https:\/\/monzon.salesianos.edu\/colegio\/acto-por-la-paz-2\/#article","isPartOf":{"@id":"https:\/\/monzon.salesianos.edu\/colegio\/acto-por-la-paz-2\/"},"author":{"name":"Gestor Web","@id":"https:\/\/monzon.salesianos.edu\/colegio\/#\/schema\/person\/dfdb4afc92a954e307946b4c7b72b0f4"},"headline":"Acto por la Paz","datePublished":"2022-03-04T06:42:32+00:00","dateModified":"2022-03-04T08:47:12+00:00","mainEntityOfPage":{"@id":"https:\/\/monzon.salesianos.edu\/colegio\/acto-por-la-paz-2\/"},"wordCount":446,"commentCount":0,"image":{"@id":"https:\/\/monzon.salesianos.edu\/colegio\/acto-por-la-paz-2\/#primaryimage"},"thumbnailUrl":"https:\/\/monzon.salesianos.edu\/colegio\/wp-content\/uploads\/sites\/2\/2022\/03\/PORTADA.jpg","articleSection":["Colegio","Familia Salesiana"],"inLanguage":"es","potentialAction":[{"@type":"CommentAction","name":"Comment","target":["https:\/\/monzon.salesianos.edu\/colegio\/acto-por-la-paz-2\/#respond"]}]},{"@type":"WebPage","@id":"https:\/\/monzon.salesianos.edu\/colegio\/acto-por-la-paz-2\/","url":"https:\/\/monzon.salesianos.edu\/colegio\/acto-por-la-paz-2\/","name":"Acto por la Paz - Colegio Santo Domingo Savio","isPartOf":{"@id":"https:\/\/monzon.salesianos.edu\/colegio\/#website"},"primaryImageOfPage":{"@id":"https:\/\/monzon.salesianos.edu\/colegio\/acto-por-la-paz-2\/#primaryimage"},"image":{"@id":"https:\/\/monzon.salesianos.edu\/colegio\/acto-por-la-paz-2\/#primaryimage"},"thumbnailUrl":"https:\/\/monzon.salesianos.edu\/colegio\/wp-content\/uploads\/sites\/2\/2022\/03\/PORTADA.jpg","datePublished":"2022-03-04T06:42:32+00:00","dateModified":"2022-03-04T08:47:12+00:00","author":{"@id":"https:\/\/monzon.salesianos.edu\/colegio\/#\/schema\/person\/dfdb4afc92a954e307946b4c7b72b0f4"},"breadcrumb":{"@id":"https:\/\/monzon.salesianos.edu\/colegio\/acto-por-la-paz-2\/#breadcrumb"},"inLanguage":"es","potentialAction":[{"@type":"ReadAction","target":["https:\/\/monzon.salesianos.edu\/colegio\/acto-por-la-paz-2\/"]}]},{"@type":"ImageObject","inLanguage":"es","@id":"https:\/\/monzon.salesianos.edu\/colegio\/acto-por-la-paz-2\/#primaryimage","url":"https:\/\/monzon.salesianos.edu\/colegio\/wp-content\/uploads\/sites\/2\/2022\/03\/PORTADA.jpg","contentUrl":"https:\/\/monzon.salesianos.edu\/colegio\/wp-content\/uploads\/sites\/2\/2022\/03\/PORTADA.jpg","width":1389,"height":926,"caption":"OLYMPUS DIGITAL CAMERA"},{"@type":"BreadcrumbList","@id":"https:\/\/monzon.salesianos.edu\/colegio\/acto-por-la-paz-2\/#breadcrumb","itemListElement":[{"@type":"ListItem","position":1,"name":"Portada","item":"https:\/\/monzon.salesianos.edu\/colegio\/"},{"@type":"ListItem","position":2,"name":"Acto por la Paz"}]},{"@type":"WebSite","@id":"https:\/\/monzon.salesianos.edu\/colegio\/#website","url":"https:\/\/monzon.salesianos.edu\/colegio\/","name":"Colegio Santo Domingo Savio","description":"P\u00e1gina oficial Salesianos Monz\u00f3n","potentialAction":[{"@type":"SearchAction","target":{"@type":"EntryPoint","urlTemplate":"https:\/\/monzon.salesianos.edu\/colegio\/?s={search_term_string}"},"query-input":{"@type":"PropertyValueSpecification","valueRequired":true,"valueName":"search_term_string"}}],"inLanguage":"es"},{"@type":"Person","@id":"https:\/\/monzon.salesianos.edu\/colegio\/#\/schema\/person\/dfdb4afc92a954e307946b4c7b72b0f4","name":"Gestor Web","image":{"@type":"ImageObject","inLanguage":"es","@id":"https:\/\/secure.gravatar.com\/avatar\/1e1fd8b2db3835fefe4cba3e9e0f57e2c8b7a51b7525c8a5e5f612d69fe34a31?s=96&d=mm&r=g","url":"https:\/\/secure.gravatar.com\/avatar\/1e1fd8b2db3835fefe4cba3e9e0f57e2c8b7a51b7525c8a5e5f612d69fe34a31?s=96&d=mm&r=g","contentUrl":"https:\/\/secure.gravatar.com\/avatar\/1e1fd8b2db3835fefe4cba3e9e0f57e2c8b7a51b7525c8a5e5f612d69fe34a31?s=96&d=mm&r=g","caption":"Gestor Web"}}]}},"_links":{"self":[{"href":"https:\/\/monzon.salesianos.edu\/colegio\/wp-json\/wp\/v2\/posts\/10795","targetHints":{"allow":["GET"]}}],"collection":[{"href":"https:\/\/monzon.salesianos.edu\/colegio\/wp-json\/wp\/v2\/posts"}],"about":[{"href":"https:\/\/monzon.salesianos.edu\/colegio\/wp-json\/wp\/v2\/types\/post"}],"author":[{"embeddable":true,"href":"https:\/\/monzon.salesianos.edu\/colegio\/wp-json\/wp\/v2\/users\/3"}],"replies":[{"embeddable":true,"href":"https:\/\/monzon.salesianos.edu\/colegio\/wp-json\/wp\/v2\/comments?post=10795"}],"version-history":[{"count":4,"href":"https:\/\/monzon.salesianos.edu\/colegio\/wp-json\/wp\/v2\/posts\/10795\/revisions"}],"predecessor-version":[{"id":10837,"href":"https:\/\/monzon.salesianos.edu\/colegio\/wp-json\/wp\/v2\/posts\/10795\/revisions\/10837"}],"wp:featuredmedia":[{"embeddable":true,"href":"https:\/\/monzon.salesianos.edu\/colegio\/wp-json\/wp\/v2\/media\/10794"}],"wp:attachment":[{"href":"https:\/\/monzon.salesianos.edu\/colegio\/wp-json\/wp\/v2\/media?parent=10795"}],"wp:term":[{"taxonomy":"category","embeddable":true,"href":"https:\/\/monzon.salesianos.edu\/colegio\/wp-json\/wp\/v2\/categories?post=10795"},{"taxonomy":"post_tag","embeddable":true,"href":"https:\/\/monzon.salesianos.edu\/colegio\/wp-json\/wp\/v2\/tags?post=10795"}],"curies":[{"name":"wp","href":"https:\/\/api.w.org\/{rel}","templated":true}]}}